{"id":4181,"date":"2025-05-19T11:48:27","date_gmt":"2025-05-19T09:48:27","guid":{"rendered":"http:\/\/www.mafdad.org\/?p=4181"},"modified":"2025-05-19T11:53:21","modified_gmt":"2025-05-19T09:53:21","slug":"einladung-zur-pk-am-21-05-2025","status":"publish","type":"post","link":"http:\/\/www.mafdad.org\/?p=4181","title":{"rendered":"Einladung zur PK am 21.05.2025:"},"content":{"rendered":"\n<p><strong>Einladung zur PK: PKK-Verbot in Deutschland auf dem Pr\u00fcfstand: Friedensprozess &amp; Beschluss zur Selbstaufl\u00f6sung \/ 21. Mai um 12 Uhr Haus der BPK in Berlin<\/strong><\/p>\n\n\n\n<p><strong>Einladung zur Pressekonferenz: Zum Stand des Antrages zur Aufhebung des Bet\u00e4tigungsverbot gegen\u00fcber der Arbeiterpartei Kurdistans PKK angesichts des aktuellen Friedensprozesses<\/strong><\/p>\n\n\n\n<p>Am 11. Mai 2022 stellte die Arbeiterpartei Kurdistans (PKK) einen offiziellen Antrag auf Aufhebung des seit 1993 bestehenden Bet\u00e4tigungsverbots in Deutschland. Drei Jahre sind seither vergangen \u2013 Jahre, in denen sich die politische Lage in der T\u00fcrkei und in Kurdistan weiter zugespitzt hat. Zuletzt m\u00fcndete die von Abdullah \u00d6calan initiierte Friedensinitiative, die am 27. Februar 2025 mit einer Erkl\u00e4rung \u00f6ffentlich begann, in die Einberufung eines PKK-Kongresses zur Erkl\u00e4rung einer Selbstaufl\u00f6sung. Doch der t\u00fcrkische Staat hat bisher nicht die von der PKK geforderten juristischen und politischen Grundlagen daf\u00fcr geschaffen, um die Selbstaufl\u00f6sung auch praktisch in die Wege zu leiten. Ganz im Gegenteil: die Angriffe werden fortgef\u00fchrt. Auch der deutsche Staat h\u00e4lt an der Kriminalisierung weiterhin fest.<\/p>\n\n\n\n<p>Vor diesem Hintergrund stellen sich zahlreiche Fragen:<\/p>\n\n\n\n<p>Wie ist die aktuelle Lage und Haltung des t\u00fcrkischen Staates aber auch des deutschen Staates zu bewerten?<\/p>\n\n\n\n<p>Wie geht es weiter mit dem Bet\u00e4tigungsverbot und der anhaltenden Kriminalisierung kurdischer Organisationen, Vereine und Aktivit\u00e4ten in Deutschland?<\/p>\n\n\n\n<p>Welchen Bearbeitungsstand hat der Antrag?<\/p>\n\n\n\n<p>Welche rechtlichen und politischen Schritte stehen als N\u00e4chstes an?<\/p>\n\n\n\n<p>Und welche Rolle k\u00f6nnte die neue Bundesregierung spielen, um den Friedensprozess aktiv zu unterst\u00fctzen?<\/p>\n\n\n\n<p><strong>Um \u00fcber diese Entwicklungen sowie den aktuellen Stand des Verfahrens zu informieren, laden wir Sie herzlich zur Pressekonferenz ein.<\/strong><\/p>\n\n\n\n<p><strong><em><u>Details zur Veranstaltung:<\/u><\/em><\/strong><\/p>\n\n\n\n<p><strong>Redner*innen:<\/strong> Rechtsanwalt Lukas Theune (Vertreter der Antragstellerin), Nil\u00fcfer Ko\u00e7 (Sprecherin des Kurdistan Nationalkongresses, KNK), Bodo Ramelow (Die Linke, angefragt)<\/p>\n\n\n\n<p><strong>Moderation:<\/strong> Rechtsanw\u00e4ltin Heike Geisweid (Vorstandsvorsitzende Maf-Dad)<\/p>\n\n\n\n<p><strong>Datum und Uhrzeit: Mittwoch, den 21. Mai um 12 Uhr<\/strong><\/p>\n\n\n\n<p><strong>Ort:<\/strong> Haus der Bundespressekonferenz, Schiffbauerdamm 40 10117 Berlin, Raum 4<\/p>\n\n\n\n<p><strong>Ansprechpartner\/in f\u00fcr R\u00fcckfragen:<\/strong><\/p>\n\n\n\n<p><strong>Emine Koykac (Maf-Dad): 0176 20121488<\/strong><\/p>\n\n\n\n<p><strong>M\u00fcsl\u00fcm \u00d6rt\u00fcl\u00fc (Civaka Azad): 0163 5345445<\/strong><\/p>\n\n\n\n<p>Wir w\u00fcrden uns freuen, Sie bei der Pressekonferenz pers\u00f6nlich begr\u00fc\u00dfen zu d\u00fcrfen und danken Ihnen im Voraus f\u00fcr Ihr Interesse.<\/p>\n\n\n\n<p>Mit freundlichen Gr\u00fc\u00dfen<\/p>\n\n\n\n<p>Civaka Azad e.V. und Maf-Dad e.V.<\/p>\n","protected":false},"excerpt":{"rendered":"<p>Einladung zur PK: PKK-Verbot in Deutschland auf dem Pr\u00fcfstand: Friedensprozess &amp; Beschluss zur Selbstaufl\u00f6sung \/ 21. Mai um 12 Uhr Haus der BPK in Berlin Einladung zur Pressekonferenz: Zum Stand<\/p>\n","protected":false},"author":1,"featured_media":4183,"comment_status":"closed","ping_status":"open","sticky":true,"template":"","format":"standard","meta":{"footnotes":""},"categories":[107,129],"tags":[],"class_list":{"0":"post-4181","1":"post","2":"type-post","3":"status-publish","4":"format-standard","6":"hentry","7":"category-allgemein-de","8":"category-presseerklaerungen-de"},"_links":{"self":[{"href":"http:\/\/www.mafdad.org\/index.php?rest_route=\/wp\/v2\/posts\/4181","targetHints":{"allow":["GET"]}}],"collection":[{"href":"http:\/\/www.mafdad.org\/index.php?rest_route=\/wp\/v2\/posts"}],"about":[{"href":"http:\/\/www.mafdad.org\/index.php?rest_route=\/wp\/v2\/types\/post"}],"author":[{"embeddable":true,"href":"http:\/\/www.mafdad.org\/index.php?rest_route=\/wp\/v2\/users\/1"}],"replies":[{"embeddable":true,"href":"http:\/\/www.mafdad.org\/index.php?rest_route=%2Fwp%2Fv2%2Fcomments&post=4181"}],"version-history":[{"count":1,"href":"http:\/\/www.mafdad.org\/index.php?rest_route=\/wp\/v2\/posts\/4181\/revisions"}],"predecessor-version":[{"id":4182,"href":"http:\/\/www.mafdad.org\/index.php?rest_route=\/wp\/v2\/posts\/4181\/revisions\/4182"}],"wp:featuredmedia":[{"embeddable":true,"href":"http:\/\/www.mafdad.org\/index.php?rest_route=\/wp\/v2\/media\/4183"}],"wp:attachment":[{"href":"http:\/\/www.mafdad.org\/index.php?rest_route=%2Fwp%2Fv2%2Fmedia&parent=4181"}],"wp:term":[{"taxonomy":"category","embeddable":true,"href":"http:\/\/www.mafdad.org\/index.php?rest_route=%2Fwp%2Fv2%2Fcategories&post=4181"},{"taxonomy":"post_tag","embeddable":true,"href":"http:\/\/www.mafdad.org\/index.php?rest_route=%2Fwp%2Fv2%2Ftags&post=4181"}],"curies":[{"name":"wp","href":"https:\/\/api.w.org\/{rel}","templated":true}]}}