{"id":4000,"date":"2025-01-10T00:33:56","date_gmt":"2025-01-09T23:33:56","guid":{"rendered":"http:\/\/www.mafdad.org\/?p=4000"},"modified":"2025-01-17T14:11:17","modified_gmt":"2025-01-17T13:11:17","slug":"brief-an-ngos","status":"publish","type":"post","link":"http:\/\/www.mafdad.org\/?p=4000","title":{"rendered":"Brief an NGOs"},"content":{"rendered":"\n<p><strong>Permanentes Tribunal der V\u00f6lker zu Rojava vs. Turkey<br>An der Vrije Universiteit Brussel (VUB)<\/strong><\/p>\n\n\n\n<p><strong>Anfrage zur Unterst\u00fctzung des Permanent Peoples\u2019 Tribunal<\/strong><\/p>\n\n\n\n<p>An die gesch\u00e4tzten Vertreter:innen von Menschenrechtsorganisationen, Wir wenden uns an Sie, um Ihre Unterst\u00fctzung bei der Untersuchung schwerwiegender Menschenrechtsverletzungen und Kriegsverbrechen zu erbitten, die von der t\u00fcrkischen Regierung und den von ihr unterst\u00fctzten Kr\u00e4ften in Nord- und Ostsyrien, auch bekannt als Rojava, ver\u00fcbt wurden. Diese Handlungen, die den Tatbestand von Verbrechen gegen die Menschlichkeit gem\u00e4\u00df dem V\u00f6lkerrecht aufweisen, haben tiefes Leid unter der Zivilbev\u00f6lkerung verursacht, unsch\u00e4tzbares kulturelles Erbe zerst\u00f6rt und eine bewusste Agenda der demografischen Umgestaltung vorangetrieben, die darauf abzielt, die kurdische Bev\u00f6lkerung und andere ethnische Minderheiten zu verdr\u00e4ngen.<br>Am 5. und 6. Februar 2025 wird das Permanente Tribunal der V\u00f6lker (PPT) in Zusammenarbeit mit mehreren Organisationen, die sich intensiv f\u00fcr Menschenrechte in der Region einsetzen, ein Tribunal einberufen, um diese Verbrechen zu thematisieren. Dieses Tribunal soll als Plattform dienen, um das Bewusstsein zu sch\u00e4rfen, Menschenrechtsverletzungen zu dokumentieren und Gerechtigkeit anzustreben.<\/p>\n\n\n\n<p><br>Schwere Menschenrechtsverletzungen und Verst\u00f6\u00dfe gegen das humanit\u00e4re V\u00f6lkerrecht durch den t\u00fcrkischen Staat<\/p>\n\n\n\n<ul class=\"wp-block-list\">\n<li>Erzwungene Vertreibungen der Bev\u00f6lkerung: In verschiedenen Regionen, insbesondere in Afrin und Ras al-Ayn, wurden kurdische Bewohner:innen unter Einsatz von Gewalt und Zwang vertrieben, was grundlegende humanit\u00e4re Prinzipien verletzt. Diese Vertreibungen stellen direkte Verst\u00f6\u00dfe gegen die Genfer Abkommen und die Grunds\u00e4tze der Charta der Vereinten Nationen dar.<\/li>\n\n\n\n<li>Einsatz verbotener Waffen und Angriffe auf Zivilist:innen: Berichten zufolge haben die t\u00fcrkischen Streitkr\u00e4fte verbotene Waffen, darunter wei\u00dfen Phosphor, gegen Zivilpersonen und zivile Infrastruktur eingesetzt. Diese Angriffe, die Schulen, Krankenh\u00e4user und Gottesh\u00e4user betreffen, belegen eine systematische Missachtung des Schutzes der Zivilbev\u00f6lkerung.<\/li>\n\n\n\n<li>Gezielte T\u00f6tungen und Massaker an Zivilpersonen: Zu den Opfern dieser Gr\u00e4ueltaten z\u00e4hlt Hevrin Khalaf, die ehemalige Generalsekret\u00e4rin der Future Syria Party, die gezielt ermordet wurde, um Stimmen, die sich f\u00fcr Frieden und regionale Stabilit\u00e4t einsetzten, zum Schweigen zu bringen. Auch das Massaker in Taqal Baqal, bei dem Zivilpersonen brutal angegriffen wurden, w\u00e4hrend sie versuchten, humanit\u00e4re Hilfe zu leisten, illustriert die gezielte Gewalt gegen Nichtkombattant:innen und stellt einen gravierenden Versto\u00df gegen die grundlegenden Prinzipien des humanit\u00e4ren V\u00f6lkerrechts dar.<\/li>\n\n\n\n<li>Gezielte Unterbrechung der Wasserversorgung: Die Alouk-Wasserstation, eine kritische Infratsruktur in der N\u00e4he von Ras al-Ayn, wurde aufgrund von Milit\u00e4raktionen und Manipulationen durch Kr\u00e4fte, die mit dem t\u00fcrkischen Staat verbunden sind, wiederholt unterbrochen. Diese langanhaltenden, oft unbegr\u00fcndeten Unterbrechungen haben mehr als eine Million Menschen von sicherem Trinkwasser abgeschnitten und eine humanit\u00e4re Krise in Hasakah und den umliegenden Gebieten ausgel\u00f6st. Die Vereinten Nationen haben immer wieder gro\u00dfe Besorgnis \u00fcber diese Situation ge\u00e4u\u00dfert und sie als \u201eBedrohung f\u00fcr das Leben und die Menschenw\u00fcrde\u201c bezeichnet, die das Leiden einer durch den<br>anhaltenden Konflikt ohnehin schon verwundbaren Bev\u00f6lkerung noch verschlimmert.<br>Der Zugang zu Wasser ist ein grundlegendes Menschenrecht, wie es in internationalen Resolutionen, einschlie\u00dflich der UN-Resolution 64\/292, anerkannt wird. Die gezielte Verweigerung dieses Rechts stellt einen schwerwiegenden Versto\u00df gegen das humanit\u00e4re V\u00f6lkerrecht dar und versch\u00e4rft die humanit\u00e4re Krise.<\/li>\n\n\n\n<li>Zerst\u00f6rung von Kulturerbe und religi\u00f6sen St\u00e4tten: Von der T\u00fcrkei unterst\u00fctzten Kr\u00e4fte haben systematisch kulturelle und religi\u00f6se St\u00e4tten in Afrin zerst\u00f6rt, darunter heilige Schreine von \u00caz\u00eed:innen. Diese Zerst\u00f6rungen, begleitet von Pl\u00fcnderungen arch\u00e4ologischer Sch\u00e4tze, versto\u00dfen gegen das Haager Abkommen von 1954 zum Schutz von Kulturgut.<\/li>\n\n\n\n<li>Folter und willk\u00fcrliche Inhaftierungen: Zahlreiche Zivilist:innen wurden gefoltert und willk\u00fcrlich inhaftiert, darunter prominente F\u00e4lle wie der von Nadiya Sulaiman. Diese Handlungen zeigen eine gezielte Strategie, die darauf abzielt, die kulturelle, religi\u00f6se und ethnische Identit\u00e4t der regionalen Bev\u00f6lkerung auszul\u00f6schen.<br>                                                                                                                                                                                                                                 Diese Handlungen versto\u00dfen eindeutig gegen das humanit\u00e4re V\u00f6lkerrecht, einschlie\u00dflich der Genfer Abkommen und des Gewohnheitsrechts, sowie gegen internationale Menschenrechtsnormen wie die Allgemeine Erkl\u00e4rung der Menschenrechte und den Internationalen Pakt \u00fcber b\u00fcrgerliche und politische Rechte.<br>Ungeachtet der Tatsache, dass die T\u00fcrkei und Syrien das R\u00f6mische Statut nicht ratifiziert haben, rufen wir die internationale Gemeinschaft dazu auf, diese Handlungen dennoch anhand der universell anerkannten Standards der Artikel 7 und 8 zu bewerten, die Verbrechen gegen die Menschlichkeit und Kriegsverbrechen definieren.<br>                                                                                                                                                                                                                                Die Vorbereitung dieses zivilen Tribunals wird aktiv unterst\u00fctzt vom Komitee f\u00fcr Recht und Gerechtigkeit, der Abteilung f\u00fcr Au\u00dfenbeziehungen der Demokratischen Autonomen Verwaltung Nord- und Ostsyriens (DAANES), dem Forschungs- und Schutzzentrum f\u00fcr Frauenrechte, den Menschenrechtsorganisationen in Al-Jazira und Afrin sowie MAF-DAD e. V (Verein f\u00fcr Demokratie und internationales Recht), ELDH (Europ\u00e4ische Vereinigung von Juristinnen &amp; Juristen f\u00fcr Demokratie und Menschenrechte in der Welt), IADL, der Nationalkongress Kurdistan (KNK), das Kurdische Institut Br\u00fcssel und die Freie Universit\u00e4t Br\u00fcssel (VUB). Gemeinsam mit diesen<br>Ogranisationen haben zahlreiche weitere Organisationen, die sich der Dokumentation und Interessenvertretung in der Region widmen, Beweise und Ressourcen f\u00fcr die Zielsetzung des Tribunals gesammelt. <br>                                                                                                                                                                                                                               Wir laden Ihre gesch\u00e4tzten Organisationen ein, sich dieser Initiative anzuschlie\u00dfen, indem sie das Verfahren des Tribunals \u00f6ffentlich unterst\u00fctzen, den Austausch von Dokumenten und Zeugenaussagen erleichtern und durch die Teilnahme Ihrer Organisationen an dem Tribunal ihr Fachwissen in die sorgf\u00e4ltige Dokumentation dieser Verbrechen einbringen. Ihre Unterst\u00fctzung ist unerl\u00e4sslich, um sicherzustellen, dass die Verantwortlichen zur Rechenschaft gezogen werden und dass die Opfer Gerechtigkeit erfahren.<br>In Solidarit\u00e4t mit den Opfern vertrauen wir darauf, dass Sie mit uns zusammenarbeiten werden, um weitere Verst\u00f6\u00dfe zu verhindern und sicherzustellen, dass die Gerechtigkeit siegt. Hochachtungsvoll,<br>Midya Abdah, Zentrum f\u00fcr Forschung und Schutz der Rechte der Frau in Europa<br>Heike Geisweid, Verein f\u00fcr Demokratie und \u0130nternationales Recht (MAF-DAD)<br>Ceren Uysal, Europ\u00e4ische Vereinigung von Juristinnen &amp; Juristen f\u00fcr Demokratie und Menschenrechte in der Welt (ELDH)<br><strong>Kontakt Tel: +31686453055<br>E-Mail-Adresse: info@rojavapeoplestribunal.org<\/strong>                                                                                                                                                                                                                                                           <\/li>\n<\/ul>\n\n\n\n<figure class=\"wp-block-image size-large is-resized\"><a href=\"http:\/\/www.mafdad.org\/wp-content\/uploads\/2025\/01\/Brief-an-NGOs-zur-Unterstuetzung-des-Tribunals.pdf\" target=\"_blank\" rel=\" noreferrer noopener\"><img fetchpriority=\"high\" decoding=\"async\" width=\"724\" height=\"1024\" src=\"http:\/\/www.mafdad.org\/wp-content\/uploads\/2025\/01\/invitationbrussel-724x1024.png\" alt=\"\" class=\"wp-image-3997\" style=\"width:219px;height:auto\"\/><\/a><\/figure>\n\n\n\n<p>F\u00fcr mehr Infos: <a href=\"https:\/\/rojavapeoplestribunal.org\/\">https:\/\/rojavapeoplestribunal.org\/<\/a><\/p>\n\n\n\n<p><\/p>\n","protected":false},"excerpt":{"rendered":"<p>Permanentes Tribunal der V\u00f6lker zu Rojava vs. TurkeyAn der Vrije Universiteit Brussel (VUB) Anfrage zur Unterst\u00fctzung des Permanent Peoples\u2019 Tribunal An die gesch\u00e4tzten Vertreter:innen von Menschenrechtsorganisationen, Wir wenden uns an<\/p>\n","protected":false},"author":1,"featured_media":3997,"comment_status":"closed","ping_status":"open","sticky":true,"template":"","format":"standard","meta":{"footnotes":""},"categories":[107],"tags":[],"class_list":{"0":"post-4000","1":"post","2":"type-post","3":"status-publish","4":"format-standard","6":"hentry","7":"category-allgemein-de"},"_links":{"self":[{"href":"http:\/\/www.mafdad.org\/index.php?rest_route=\/wp\/v2\/posts\/4000","targetHints":{"allow":["GET"]}}],"collection":[{"href":"http:\/\/www.mafdad.org\/index.php?rest_route=\/wp\/v2\/posts"}],"about":[{"href":"http:\/\/www.mafdad.org\/index.php?rest_route=\/wp\/v2\/types\/post"}],"author":[{"embeddable":true,"href":"http:\/\/www.mafdad.org\/index.php?rest_route=\/wp\/v2\/users\/1"}],"replies":[{"embeddable":true,"href":"http:\/\/www.mafdad.org\/index.php?rest_route=%2Fwp%2Fv2%2Fcomments&post=4000"}],"version-history":[{"count":3,"href":"http:\/\/www.mafdad.org\/index.php?rest_route=\/wp\/v2\/posts\/4000\/revisions"}],"predecessor-version":[{"id":4009,"href":"http:\/\/www.mafdad.org\/index.php?rest_route=\/wp\/v2\/posts\/4000\/revisions\/4009"}],"wp:featuredmedia":[{"embeddable":true,"href":"http:\/\/www.mafdad.org\/index.php?rest_route=\/wp\/v2\/media\/3997"}],"wp:attachment":[{"href":"http:\/\/www.mafdad.org\/index.php?rest_route=%2Fwp%2Fv2%2Fmedia&parent=4000"}],"wp:term":[{"taxonomy":"category","embeddable":true,"href":"http:\/\/www.mafdad.org\/index.php?rest_route=%2Fwp%2Fv2%2Fcategories&post=4000"},{"taxonomy":"post_tag","embeddable":true,"href":"http:\/\/www.mafdad.org\/index.php?rest_route=%2Fwp%2Fv2%2Ftags&post=4000"}],"curies":[{"name":"wp","href":"https:\/\/api.w.org\/{rel}","templated":true}]}}