{"id":3488,"date":"2022-11-10T19:19:00","date_gmt":"2022-11-10T18:19:00","guid":{"rendered":"http:\/\/www.mafdad.org\/?p=3488"},"modified":"2025-01-01T23:27:59","modified_gmt":"2025-01-01T22:27:59","slug":"gemeinsame-erklaerung-internationaler-juristischer-organisationen","status":"publish","type":"post","link":"http:\/\/www.mafdad.org\/?p=3488","title":{"rendered":"<strong>Gemeinsame Erkl\u00e4rung internationaler juristischer Organisationen:<\/strong>"},"content":{"rendered":"\n<p><strong>Es darf keine Strafverfolgung f\u00fcr Menschen geben, die die unabh\u00e4ngige Untersuchung des mutma\u00dflichen Einsatzes chemischer Waffen im Nordirak fordern<\/strong><\/p>\n\n\n\n<p><\/p>\n\n\n\n<p class=\"has-text-align-left\">Wir sind besorgt \u00fcber Berichte, wonach im Autonomiegebiet Kurdistan im Nordirak Tr\u00e4nengas eingesetzt worden sein soll. Obwohl Tr\u00e4nengas als solches nicht in der Liste der verbotenen Chemikalien in den Anh\u00e4ngen des Chemiewaffen\u00fcbereinkommens (CW\u00dc) aufgef\u00fchrt ist, wird die Auffassung, dass vom Milit\u00e4r eingesetzte Tr\u00e4nengasgranaten unter das Chemiewaffen\u00fcbereinkommen fallen, durch Artikel II Nr. 1, 2 und 5 des CW\u00dc gest\u00fctzt.<\/p>\n\n\n\n<p>Ob der Einsatz von Tr\u00e4nengasgranaten durch das Milit\u00e4r gegen das Chemiewaffen\u00fcbereinkommen verst\u00f6\u00dft und als Kriegsverbrechen nach Artikel 8 des R\u00f6mischen Statuts des Internationalen Strafgerichtshofs eingestuft werden kann, h\u00e4ngt allerdings auch von den jeweiligen Umst\u00e4nden ab. Da der t\u00fcrkische Verteidigungsminister Presseberichten zufolge den Einsatz von Tr\u00e4nengas durch das t\u00fcrkische Milit\u00e4r im Nordirak nicht bestreitet, kann nur eine unabh\u00e4ngige Untersuchung kl\u00e4ren, ob der Einsatz von Tr\u00e4nengas gegen internationale Vertr\u00e4ge, die die T\u00fcrkei ratifiziert hat, versto\u00dfen hat. Die T\u00fcrkei ist Vertragsstaat des CW\u00dc, nicht aber des R\u00f6mischen Statuts.<\/p>\n\n\n\n<p>Es ist daher nicht \u00fcberraschend, dass die Forderung nach einer unabh\u00e4ngigen Untersuchung des Tr\u00e4nengaseinsatzes im Nordirak von verschiedenen Organisationen und Pers\u00f6nlichkeiten erhoben wurde. \u00dcberraschend ist hingegen, dass in mehreren F\u00e4llen mit der Einleitung von Ermittlungsverfahren gegen die Beteiligten reagiert wurde.<\/p>\n\n\n\n<p>W\u00e4hrend der Generalversammlung der Anwaltskammer von Izmir wurde Rechtsanw\u00e4ltin Aryen TURAN, die im Vorstand des Vereins \u201eAnw\u00e4lte f\u00fcr die Freiheit&#8220; (\u00d6HD) ist, \u00fcber verschiedene Medienkan\u00e4le, einschlie\u00dflich der sozialen Medien, bedroht, weil sie eine Untersuchung des Einsatzes von Chemikalien gefordert hatte. In denselben Medienkan\u00e4len wurde auch berichtet, dass ein Ermittlungsverfahren gegen sie eingeleitet wurde. In den darauffolgenden Tagen wurde Sie in Gewahrsam genommen und sp\u00e4ter mit der Verh\u00e4ngung eines Ausreiseverbotes entlassen.<\/p>\n\n\n\n<p>Am Morgen des 25. Oktober wurden 11 Journalisten bei Razzien in ihren Wohnungen und an ihren Arbeitspl\u00e4tzen festgenommen, nachdem sie \u00fcber verschiedene Erkenntnisse und Behauptungen \u00fcber den Einsatz von Chemikalien durch t\u00fcrkische Beh\u00f6rden auf dem Gebiet der kurdischen Regionalregierung berichtet hatten. Die Staatsanwaltschaft Ankara ver\u00f6ffentlichte sodann Filmaufnahmen, auf denen zu sehen ist, wie die Journalisten Berivan Altan und Deniz Nazl\u0131m in Handschellen, die von hinten angebracht worden sind, festgenommen werden.<\/p>\n\n\n\n<p>Nach diesen Vorf\u00e4llen wurde Prof. Dr. \u015eebnem Korur Fincanc\u0131, Vorsitzende der t\u00fcrkischen \u00c4rztekammer, die als Gerichtsmedizinerin in der T\u00fcrkei in einem Fernsehsender eine Untersuchung des Einsatzes von Chemikalien forderte, zun\u00e4chst von staatlichen Stellen ins Visier genommen, dann in den sozialen Medien mehrfach beleidigt und schlie\u00dflich am Morgen des 26. Oktober mit einer Hausdurchsuchung festgenommen und inhaftiert.<\/p>\n\n\n\n<p>Die Organisation f\u00fcr das Verbot chemischer Waffen (OPCW) ist die Durchf\u00fchrungsstelle f\u00fcr das Chemiewaffen\u00fcbereinkommen. Ein erster Schritt sollte daher eine f\u00f6rmliche Untersuchung durch die OPCW sein, die einen Antrag eines OPCW-Mitgliedstaates voraussetzt.<\/p>\n\n\n\n<p>Wir fordern daher die OPCW-Mitgliedsstaaten dringend auf<\/p>\n\n\n\n<ul class=\"wp-block-list\">\n<li>den Weg f\u00fcr eine unabh\u00e4ngige Untersuchung durch die OPCW freizumachen<\/li>\n\n\n\n<li>eine Untersuchung im Rahmen des Sondermechanismus des UN-Generalsekret\u00e4rs zur Untersuchung mutma\u00dflicher Eins\u00e4tze von biologischen oder chemischen Waffen zu verlangen.<\/li>\n<\/ul>\n\n\n\n<p>Wir fordern die Regierung der T\u00fcrkei auf<\/p>\n\n\n\n<ul class=\"wp-block-list\">\n<li>ihr hartes Vorgehen gegen zivilgesellschaftliche Organisationen, Journalisten und Menschenrechtsverteidiger, die eine solche unabh\u00e4ngige Untersuchung fordern, zu beenden.<\/li>\n\n\n\n<li>die Journalisten und Prof. Dr. \u015eebnem Korur Fincanc\u0131 unverz\u00fcglich freizulassen.<\/li>\n<\/ul>\n\n\n\n<p><strong>Unterschriften<\/strong>:<\/p>\n\n\n\n<ul class=\"wp-block-list\">\n<li>Asociaci\u00f3n Americana de Juristas, (AAJ)<\/li>\n\n\n\n<li>Verein f\u00fcr Demokratie und internationales Recht (MAF-DAD)<\/li>\n\n\n\n<li>Verein von Anw\u00e4lten f\u00fcr die Freiheit, (\u00d6HD)<\/li>\n\n\n\n<li>Europ\u00e4ische Vereinigung von Anw\u00e4lten f\u00fcr Demokratie und weltweite Menschenrechte, (ELDH)<\/li>\n\n\n\n<li>Europ\u00e4ische demokratische Anw\u00e4lte, (AED)<\/li>\n\n\n\n<li>Giuristi Democratici &#8211; Nationaler Verband der demokratischen Juristen. Italien, (GD)<\/li>\n\n\n\n<li>Lawyers Right Watch Kanada, (LRWC)<\/li>\n\n\n\n<li>National Union of People&#8217;s Lawyers (NULP), Philippinen<\/li>\n\n\n\n<li>Progressive Anwaltsvereinigung, (\u00c7HD)<\/li>\n\n\n\n<li>Das Zentrum f\u00fcr Forschung und Ausarbeitung \u00fcber Demokratie\/ Legal international<\/li>\n\n\n\n<li>Interventionsgruppe (CRED, G\u0130G\u0130)<\/li>\n<\/ul>\n","protected":false},"excerpt":{"rendered":"<p>Es darf keine Strafverfolgung f\u00fcr Menschen geben, die die unabh\u00e4ngige Untersuchung des mutma\u00dflichen Einsatzes chemischer Waffen im Nordirak fordern Wir sind besorgt \u00fcber Berichte, wonach im Autonomiegebiet Kurdistan im Nordirak<\/p>\n","protected":false},"author":2,"featured_media":0,"comment_status":"closed","ping_status":"closed","sticky":false,"template":"","format":"standard","meta":{"footnotes":""},"categories":[111,129],"tags":[],"class_list":{"1":"post","2":"type-post","3":"status-publish","4":"format-standard","5":"hentry","6":"category-analysen-de","7":"category-presseerklaerungen-de"},"_links":{"self":[{"href":"http:\/\/www.mafdad.org\/index.php?rest_route=\/wp\/v2\/posts\/3488","targetHints":{"allow":["GET"]}}],"collection":[{"href":"http:\/\/www.mafdad.org\/index.php?rest_route=\/wp\/v2\/posts"}],"about":[{"href":"http:\/\/www.mafdad.org\/index.php?rest_route=\/wp\/v2\/types\/post"}],"author":[{"embeddable":true,"href":"http:\/\/www.mafdad.org\/index.php?rest_route=\/wp\/v2\/users\/2"}],"replies":[{"embeddable":true,"href":"http:\/\/www.mafdad.org\/index.php?rest_route=%2Fwp%2Fv2%2Fcomments&post=3488"}],"version-history":[{"count":1,"href":"http:\/\/www.mafdad.org\/index.php?rest_route=\/wp\/v2\/posts\/3488\/revisions"}],"predecessor-version":[{"id":3780,"href":"http:\/\/www.mafdad.org\/index.php?rest_route=\/wp\/v2\/posts\/3488\/revisions\/3780"}],"wp:attachment":[{"href":"http:\/\/www.mafdad.org\/index.php?rest_route=%2Fwp%2Fv2%2Fmedia&parent=3488"}],"wp:term":[{"taxonomy":"category","embeddable":true,"href":"http:\/\/www.mafdad.org\/index.php?rest_route=%2Fwp%2Fv2%2Fcategories&post=3488"},{"taxonomy":"post_tag","embeddable":true,"href":"http:\/\/www.mafdad.org\/index.php?rest_route=%2Fwp%2Fv2%2Ftags&post=3488"}],"curies":[{"name":"wp","href":"https:\/\/api.w.org\/{rel}","templated":true}]}}