{"id":3483,"date":"2022-05-05T09:00:00","date_gmt":"2022-05-05T07:00:00","guid":{"rendered":"http:\/\/www.mafdad.org\/?p=3483"},"modified":"2025-01-01T23:27:13","modified_gmt":"2025-01-01T22:27:13","slug":"presseeinladung","status":"publish","type":"post","link":"http:\/\/www.mafdad.org\/?p=3483","title":{"rendered":"Presseeinladung\ufffc"},"content":{"rendered":"\n<p class=\"has-medium-font-size\"><strong>Einladung zur Pressekonferenz: \u201ePKK beantragt Aufhebung des Bet\u00e4tigungsverbots in Deutschland\u201c<\/strong><\/p>\n\n\n\n<p class=\"has-medium-font-size\">Sehr geehrte Pressevertreter:innen,<\/p>\n\n\n\n<p class=\"has-text-align-left has-medium-font-size\">im Namen von MAF-DAD, dem Verein f\u00fcr Demokratie und Internationales Recht, m\u00f6chten wir &nbsp;Sie recht herzlich zu der Pressekonferenz \u201ePKK beantragt Aufhebung des Bet\u00e4tigungsverbots in Deutschland\u201c einladen.<\/p>\n\n\n\n<p class=\"has-medium-font-size\">Am 26. November 1993 verf\u00fcgte der damalige Bundesminister des Innern, Manfred Kanther, bekanntlich ein Bet\u00e4tigungsverbot f\u00fcr die Arbeiterpartei Kurdistans (Partiya Karker\u00ean Kurdistan, PKK) in Deutschland. Nun beantragt die PKK die Aufhebung dieses Bet\u00e4tigungsverbots. Denn seit 1993 haben sich die tats\u00e4chlichen Verh\u00e4ltnisse derart ge\u00e4ndert, dass die Aufrechterhaltung des Verbots nicht mehr zu rechtfertigen ist. Die PKK begeht keine Straftaten mehr in Deutschland und stellt damit keine Gefahr f\u00fcr die innere Sicherheit mehr dar. Auch die Ideen und Ziele der Organisation haben sich seitdem ge\u00e4ndert. Schlie\u00dflich hat sich die T\u00fcrkei zu einem Regime entwickelt, das demokratische Grunds\u00e4tze mit F\u00fc\u00dfen tritt.<\/p>\n\n\n\n<p class=\"has-medium-font-size\">Auf der Pressekonferenz werden Dr. Lukas Theune und Dr. Peer Stolle als Rechtsanw\u00e4lte der Antragsteller, Dilan Akdo\u011fan stellvertretend f\u00fcr die durch das PKK-Verbot kriminalisierte kurdische Community in Deutschland und Heike Geisweid als Moderatorin f\u00fcr MAF-DAD&nbsp; zuden Hintergr\u00fcnden des Antrags sprechen und f\u00fcr R\u00fcckfragen zur Verf\u00fcgung stehen.<\/p>\n\n\n\n<p class=\"has-medium-font-size\">Die Pressekonferenz findet am <strong>11. Mai um 10 Uhr im Raum 0107 im Haus der Bundespressekonferenz<\/strong> (Schiffbauerdamm 40, 10117 Berlin) statt. Veranstalter ist MAF-DAD \u2013 Verein f\u00fcr Demokratie und Internationales Recht.<\/p>\n","protected":false},"excerpt":{"rendered":"<p>Einladung zur Pressekonferenz: \u201ePKK beantragt Aufhebung des Bet\u00e4tigungsverbots in Deutschland\u201c Sehr geehrte Pressevertreter:innen, im Namen von MAF-DAD, dem Verein f\u00fcr Demokratie und Internationales Recht, m\u00f6chten wir &nbsp;Sie recht herzlich zu<\/p>\n","protected":false},"author":2,"featured_media":0,"comment_status":"open","ping_status":"open","sticky":false,"template":"","format":"standard","meta":{"footnotes":""},"categories":[111,129],"tags":[],"class_list":{"1":"post","2":"type-post","3":"status-publish","4":"format-standard","5":"hentry","6":"category-analysen-de","7":"category-presseerklaerungen-de"},"_links":{"self":[{"href":"http:\/\/www.mafdad.org\/index.php?rest_route=\/wp\/v2\/posts\/3483","targetHints":{"allow":["GET"]}}],"collection":[{"href":"http:\/\/www.mafdad.org\/index.php?rest_route=\/wp\/v2\/posts"}],"about":[{"href":"http:\/\/www.mafdad.org\/index.php?rest_route=\/wp\/v2\/types\/post"}],"author":[{"embeddable":true,"href":"http:\/\/www.mafdad.org\/index.php?rest_route=\/wp\/v2\/users\/2"}],"replies":[{"embeddable":true,"href":"http:\/\/www.mafdad.org\/index.php?rest_route=%2Fwp%2Fv2%2Fcomments&post=3483"}],"version-history":[{"count":1,"href":"http:\/\/www.mafdad.org\/index.php?rest_route=\/wp\/v2\/posts\/3483\/revisions"}],"predecessor-version":[{"id":3906,"href":"http:\/\/www.mafdad.org\/index.php?rest_route=\/wp\/v2\/posts\/3483\/revisions\/3906"}],"wp:attachment":[{"href":"http:\/\/www.mafdad.org\/index.php?rest_route=%2Fwp%2Fv2%2Fmedia&parent=3483"}],"wp:term":[{"taxonomy":"category","embeddable":true,"href":"http:\/\/www.mafdad.org\/index.php?rest_route=%2Fwp%2Fv2%2Fcategories&post=3483"},{"taxonomy":"post_tag","embeddable":true,"href":"http:\/\/www.mafdad.org\/index.php?rest_route=%2Fwp%2Fv2%2Ftags&post=3483"}],"curies":[{"name":"wp","href":"https:\/\/api.w.org\/{rel}","templated":true}]}}