{"id":3423,"date":"2018-03-22T18:57:51","date_gmt":"2018-03-22T17:57:51","guid":{"rendered":"http:\/\/www.mafdad.org\/?p=3423"},"modified":"2025-01-02T00:04:44","modified_gmt":"2025-01-01T23:04:44","slug":"unser-aufruf-gegen-die-kriegsverbrechen-des-tu%cc%88rkischen-staates-in-afrin","status":"publish","type":"post","link":"http:\/\/www.mafdad.org\/?p=3423","title":{"rendered":"UNSER AUFRUF GEGEN DIE KRIEGSVERBRECHEN DES TU\u0308RKISCHEN STAATES IN AFRIN"},"content":{"rendered":"\n<p>UNSER AUFRUF GEGEN DIE KRIEGSVERBRECHEN DES T\u00dcRKISCHEN STAATES IN AFRIN<\/p>\n\n\n\n<p>Der Angriff der t\u00fcrkischen Streitkr\u00e4fte gemeinsam mit der radikal-islamistisch- salafistischen FSA (Freie Syrische Armee) auf Afrin dauert seit dem 20. Januar 2018 verst\u00e4rkt an. Zivile Opfer, Zerst\u00f6rung von Wohngebieten und die irreparable Vernichtung geschichtlich-kultureller Erbg\u00fcter sind die bitteren Ergebnisse.<\/p>\n\n\n\n<p>Bevor eine rechtliche Einordnung der Ereignisse in Afrin folgt, fordern wir:<\/p>\n\n\n\n<p>1. Die Beendigung der Angriffe auf Afrin durch den t\u00fcrkischen Staat und den anderen bewaffneten Gruppen<\/p>\n\n\n\n<p>2. Unterschuchung der Verbrechen gegen die zivile Bev\u00f6lkerung vor Ort durch unabh\u00e4ngige international anerkannte Einrichtungen wie das Rote Kreuz; Sicherung von Beweismitteln<\/p>\n\n\n\n<p>3. Die z\u00fcgige Ergreifung von Ma\u00dfnahmen durch die Vereinten Nationen, die NATO und den Europarat, um diese Angriffe zu beenden und die Zivilbev\u00f6lkerung in der Region zu sch\u00fctzen.<\/p>\n\n\n\n<figure class=\"wp-block-image size-full\"><a href=\"http:\/\/www.mafdad.org\/wp-content\/uploads\/2018\/03\/EFR\u0130N-MAPPE.pdf\" target=\"_blank\" rel=\" noreferrer noopener\"><img fetchpriority=\"high\" decoding=\"async\" width=\"283\" height=\"218\" src=\"http:\/\/www.mafdad.org\/wp-content\/uploads\/2016\/06\/downloadpdf.jpg\" alt=\"\" class=\"wp-image-3926\"\/><\/a><\/figure>\n","protected":false},"excerpt":{"rendered":"<p>UNSER AUFRUF GEGEN DIE KRIEGSVERBRECHEN DES T\u00dcRKISCHEN STAATES IN AFRIN Der Angriff der t\u00fcrkischen Streitkr\u00e4fte gemeinsam mit der radikal-islamistisch- salafistischen FSA (Freie Syrische Armee) auf Afrin dauert seit dem 20.<\/p>\n","protected":false},"author":2,"featured_media":0,"comment_status":"closed","ping_status":"closed","sticky":false,"template":"","format":"standard","meta":{"footnotes":""},"categories":[107],"tags":[],"class_list":{"1":"post","2":"type-post","3":"status-publish","4":"format-standard","5":"hentry","6":"category-allgemein-de"},"_links":{"self":[{"href":"http:\/\/www.mafdad.org\/index.php?rest_route=\/wp\/v2\/posts\/3423","targetHints":{"allow":["GET"]}}],"collection":[{"href":"http:\/\/www.mafdad.org\/index.php?rest_route=\/wp\/v2\/posts"}],"about":[{"href":"http:\/\/www.mafdad.org\/index.php?rest_route=\/wp\/v2\/types\/post"}],"author":[{"embeddable":true,"href":"http:\/\/www.mafdad.org\/index.php?rest_route=\/wp\/v2\/users\/2"}],"replies":[{"embeddable":true,"href":"http:\/\/www.mafdad.org\/index.php?rest_route=%2Fwp%2Fv2%2Fcomments&post=3423"}],"version-history":[{"count":3,"href":"http:\/\/www.mafdad.org\/index.php?rest_route=\/wp\/v2\/posts\/3423\/revisions"}],"predecessor-version":[{"id":3939,"href":"http:\/\/www.mafdad.org\/index.php?rest_route=\/wp\/v2\/posts\/3423\/revisions\/3939"}],"wp:attachment":[{"href":"http:\/\/www.mafdad.org\/index.php?rest_route=%2Fwp%2Fv2%2Fmedia&parent=3423"}],"wp:term":[{"taxonomy":"category","embeddable":true,"href":"http:\/\/www.mafdad.org\/index.php?rest_route=%2Fwp%2Fv2%2Fcategories&post=3423"},{"taxonomy":"post_tag","embeddable":true,"href":"http:\/\/www.mafdad.org\/index.php?rest_route=%2Fwp%2Fv2%2Ftags&post=3423"}],"curies":[{"name":"wp","href":"https:\/\/api.w.org\/{rel}","templated":true}]}}