{"id":3418,"date":"2016-12-08T13:44:58","date_gmt":"2016-12-08T12:44:58","guid":{"rendered":"http:\/\/www.mafdad.org\/?p=3418"},"modified":"2025-01-02T00:05:46","modified_gmt":"2025-01-01T23:05:46","slug":"einladung-zur-diskussionsveranstaltung-turkei-ein-rechtsfreier-raum","status":"publish","type":"post","link":"http:\/\/www.mafdad.org\/?p=3418","title":{"rendered":"Einladung zur Diskussionsveranstaltung &#8222;T\u00fcrkei \u2013 Ein rechtsfreier Raum?&#8220;"},"content":{"rendered":"<p><span style=\"color: #000000;\">Sehr geehrte Kolleginnen und Kollegen, \u00a0<\/span><\/p>\n<p>Liebe Freundinnen und Freunde,<\/p>\n<p>hiermit m\u00f6chten wir Sie\/ Euch gerne zu der Diskussionsveranstaltung mit dem Thema<\/p>\n<p align=\"center\"><b>T\u00fcrkei \u2013 Ein rechtsfreier Raum?<\/b><\/p>\n<p align=\"center\">am <b>13. Dezember 2016<\/b><\/p>\n<p align=\"center\">um <b>19 Uhr\u00a0<\/b><\/p>\n<p align=\"center\">in<\/p>\n<p align=\"center\"><b>Werkstatt der Kulturen der Welt<\/b><\/p>\n<p align=\"center\">Wissmannstra\u00dfe 32<\/p>\n<p align=\"center\">12049 Berlin<\/p>\n<p>einladen.<\/p>\n<p>Im Fokus der Veranstaltung werden insbesondere die Berichte von Anw\u00e4ltinnen und Anw\u00e4lten aus der T\u00fcrkei zu dem Ausnahmezustand nach dem gescheiterten Millit\u00e4rputsch und den schweren Menschenrechtsverletzungen und Kriegsverbrechen in den Kurdengebieten stehen.<\/p>\n<p>Teilnehmer der Veranstaltung sind:<\/p>\n<ul>\n<li><b>RA Faik \u00d6zg\u00fcr Erol:<\/b> \u00d6zg\u00fcrl\u00fck\u00e7\u00fc Hukuk\u00e7ular Derne\u011fi (Verein Freiheitlicher Anw\u00e4ltinnen und Anw\u00e4lte), T\u00fcrkei;<\/li>\n<\/ul>\n<ul>\n<li><b>RA\u2019in Franziska Nedelmann:<\/b> Republikanischer Anw\u00e4ltinnen- und Anw\u00e4lteverein (RAV), Berlin;<\/li>\n<\/ul>\n<ul>\n<li><b>RA Thomas Schmidt:<\/b>Generalsekret\u00e4r der EJDM (Europ\u00e4ische Vereinigung von Juristinnen &amp; Juristen f\u00fcr Demokratie und Menschenrechte in der Welt), D\u00fcsseldorf.<\/li>\n<\/ul>\n<p>Moderation: <b>Cengiz Barskanmaz<\/b> (MAF-DAD e.V. und HU Berlin)<\/p>\n<p>Wir w\u00fcrden uns sehr auf eine zahlreiche Teilnahme und angeregte Diskussionen freuen.<\/p>\n<p>Mit freundlichen Gr\u00fc\u00dfen<\/p>\n<p>Mahmut \u015eakar<\/p>\n<p>Stellv. Vorsitzender von MAF-DAD e.V.<\/p>\n","protected":false},"excerpt":{"rendered":"<p>Sehr geehrte Kolleginnen und Kollegen, \u00a0 Liebe Freundinnen und Freunde, hiermit m\u00f6chten wir Sie\/ Euch gerne zu der Diskussionsveranstaltung mit dem Thema T\u00fcrkei \u2013 Ein rechtsfreier Raum? am 13. Dezember<\/p>\n","protected":false},"author":2,"featured_media":0,"comment_status":"closed","ping_status":"closed","sticky":false,"template":"","format":"standard","meta":{"footnotes":""},"categories":[115],"tags":[],"class_list":{"1":"post","2":"type-post","3":"status-publish","4":"format-standard","5":"hentry","6":"category-veranstaltungen-de"},"_links":{"self":[{"href":"http:\/\/www.mafdad.org\/index.php?rest_route=\/wp\/v2\/posts\/3418","targetHints":{"allow":["GET"]}}],"collection":[{"href":"http:\/\/www.mafdad.org\/index.php?rest_route=\/wp\/v2\/posts"}],"about":[{"href":"http:\/\/www.mafdad.org\/index.php?rest_route=\/wp\/v2\/types\/post"}],"author":[{"embeddable":true,"href":"http:\/\/www.mafdad.org\/index.php?rest_route=\/wp\/v2\/users\/2"}],"replies":[{"embeddable":true,"href":"http:\/\/www.mafdad.org\/index.php?rest_route=%2Fwp%2Fv2%2Fcomments&post=3418"}],"version-history":[{"count":1,"href":"http:\/\/www.mafdad.org\/index.php?rest_route=\/wp\/v2\/posts\/3418\/revisions"}],"predecessor-version":[{"id":3920,"href":"http:\/\/www.mafdad.org\/index.php?rest_route=\/wp\/v2\/posts\/3418\/revisions\/3920"}],"wp:attachment":[{"href":"http:\/\/www.mafdad.org\/index.php?rest_route=%2Fwp%2Fv2%2Fmedia&parent=3418"}],"wp:term":[{"taxonomy":"category","embeddable":true,"href":"http:\/\/www.mafdad.org\/index.php?rest_route=%2Fwp%2Fv2%2Fcategories&post=3418"},{"taxonomy":"post_tag","embeddable":true,"href":"http:\/\/www.mafdad.org\/index.php?rest_route=%2Fwp%2Fv2%2Ftags&post=3418"}],"curies":[{"name":"wp","href":"https:\/\/api.w.org\/{rel}","templated":true}]}}