{"id":3402,"date":"2016-06-29T17:41:36","date_gmt":"2016-06-29T15:41:36","guid":{"rendered":"http:\/\/www.mafdad.org\/?p=3402"},"modified":"2025-01-02T00:11:14","modified_gmt":"2025-01-01T23:11:14","slug":"erdogan-hebelt-bei-kurden-das-kriegsrecht-aus","status":"publish","type":"post","link":"http:\/\/www.mafdad.org\/?p=3402","title":{"rendered":"\u00bbErdogan hebelt bei Kurden das Kriegsrecht aus\u00ab"},"content":{"rendered":"\n<p>neues-deutschland.de \/ 29.06.2016<\/p>\n\n\n\n<h1 class=\"wp-block-heading\">\u00bbErdogan hebelt bei Kurden das Kriegsrecht aus\u00ab<\/h1>\n\n\n\n<h2 class=\"wp-block-heading\">Anw\u00e4ltInnen stellen Strafanzeige gegen t\u00fcrkischen Pr\u00e4sidenten nach der T\u00f6tung von ZivilistInnen in kurdischen Gebieten<\/h2>\n\n\n\n<p>Ismail K\u00fcpeli<\/p>\n\n\n\n<p>Mehrere Anw\u00e4ltInnen haben Strafanzeige gegen den t\u00fcrkischen Pr\u00e4sidenten Recep Tayyip Erdogan gestellt. Der Vorwurf: Kriegsverbrechen und Verbrechen gegen die Menschlichkeit im kurdischen Cizre. Ein Interview mit der Anw\u00e4ltin Heike Geisweid.<\/p>\n\n\n\n<figure class=\"wp-block-image size-full\"><a href=\"http:\/\/www.mafdad.org\/wp-content\/uploads\/2016\/06\/ND-29-Juni-16.pdf\" target=\"_blank\" rel=\" noreferrer noopener\"><img fetchpriority=\"high\" decoding=\"async\" width=\"283\" height=\"218\" src=\"http:\/\/www.mafdad.org\/wp-content\/uploads\/2016\/06\/downloadpdf.jpg\" alt=\"\" class=\"wp-image-3926\"\/><\/a><\/figure>\n","protected":false},"excerpt":{"rendered":"<p>neues-deutschland.de \/ 29.06.2016 \u00bbErdogan hebelt bei Kurden das Kriegsrecht aus\u00ab Anw\u00e4ltInnen stellen Strafanzeige gegen t\u00fcrkischen Pr\u00e4sidenten nach der T\u00f6tung von ZivilistInnen in kurdischen Gebieten Ismail K\u00fcpeli Mehrere Anw\u00e4ltInnen haben Strafanzeige<\/p>\n","protected":false},"author":2,"featured_media":0,"comment_status":"closed","ping_status":"closed","sticky":false,"template":"","format":"standard","meta":{"footnotes":""},"categories":[107],"tags":[],"class_list":{"1":"post","2":"type-post","3":"status-publish","4":"format-standard","5":"hentry","6":"category-allgemein-de"},"_links":{"self":[{"href":"http:\/\/www.mafdad.org\/index.php?rest_route=\/wp\/v2\/posts\/3402","targetHints":{"allow":["GET"]}}],"collection":[{"href":"http:\/\/www.mafdad.org\/index.php?rest_route=\/wp\/v2\/posts"}],"about":[{"href":"http:\/\/www.mafdad.org\/index.php?rest_route=\/wp\/v2\/types\/post"}],"author":[{"embeddable":true,"href":"http:\/\/www.mafdad.org\/index.php?rest_route=\/wp\/v2\/users\/2"}],"replies":[{"embeddable":true,"href":"http:\/\/www.mafdad.org\/index.php?rest_route=%2Fwp%2Fv2%2Fcomments&post=3402"}],"version-history":[{"count":4,"href":"http:\/\/www.mafdad.org\/index.php?rest_route=\/wp\/v2\/posts\/3402\/revisions"}],"predecessor-version":[{"id":3948,"href":"http:\/\/www.mafdad.org\/index.php?rest_route=\/wp\/v2\/posts\/3402\/revisions\/3948"}],"wp:attachment":[{"href":"http:\/\/www.mafdad.org\/index.php?rest_route=%2Fwp%2Fv2%2Fmedia&parent=3402"}],"wp:term":[{"taxonomy":"category","embeddable":true,"href":"http:\/\/www.mafdad.org\/index.php?rest_route=%2Fwp%2Fv2%2Fcategories&post=3402"},{"taxonomy":"post_tag","embeddable":true,"href":"http:\/\/www.mafdad.org\/index.php?rest_route=%2Fwp%2Fv2%2Ftags&post=3402"}],"curies":[{"name":"wp","href":"https:\/\/api.w.org\/{rel}","templated":true}]}}