{"id":3397,"date":"2016-06-29T13:05:29","date_gmt":"2016-06-29T11:05:29","guid":{"rendered":"http:\/\/www.mafdad.org\/?p=3397"},"modified":"2025-01-01T23:56:01","modified_gmt":"2025-01-01T22:56:01","slug":"die-internationale-liga-fur-menschenrechte-unterstutzt-diese-strafanzeige","status":"publish","type":"post","link":"http:\/\/www.mafdad.org\/?p=3397","title":{"rendered":"Die Internationale Liga f\u00fcr Menschenrechte unterst\u00fctzt diese Strafanzeige"},"content":{"rendered":"\n<p><strong>Internationale Liga f\u00fcr Menschenrechte unterst\u00fctzt Strafanzeige gegen t\u00fcrkischen Staatspr\u00e4sidenten und weitere Verantwortliche wegen Kriegsverbrechen und Verbrechen gegen die Menschlichkeit in der T\u00fcrkei<\/strong><\/p>\n\n\n\n<figure class=\"wp-block-image size-full\"><a href=\"http:\/\/www.mafdad.org\/wp-content\/uploads\/2016\/06\/Liga-PM-Strafanzeige-gg-Tuerkei-6-2016fin.pdf\" target=\"_blank\" rel=\" noreferrer noopener\"><img decoding=\"async\" width=\"160\" height=\"160\" src=\"http:\/\/www.mafdad.org\/wp-content\/uploads\/2015\/06\/pressemitteilung_liga_thumb-1.jpg\" alt=\"\" class=\"wp-image-2041\" srcset=\"http:\/\/www.mafdad.org\/wp-content\/uploads\/2015\/06\/pressemitteilung_liga_thumb-1.jpg 160w, http:\/\/www.mafdad.org\/wp-content\/uploads\/2015\/06\/pressemitteilung_liga_thumb-1-150x150.jpg 150w\" sizes=\"(max-width: 160px) 100vw, 160px\" \/><\/a><\/figure>\n\n\n\n<p><\/p>\n\n\n\n<p><\/p>\n","protected":false},"excerpt":{"rendered":"<p>Internationale Liga f\u00fcr Menschenrechte unterst\u00fctzt Strafanzeige gegen t\u00fcrkischen Staatspr\u00e4sidenten und weitere Verantwortliche wegen Kriegsverbrechen und Verbrechen gegen die Menschlichkeit in der T\u00fcrkei<\/p>\n","protected":false},"author":2,"featured_media":0,"comment_status":"open","ping_status":"open","sticky":false,"template":"","format":"standard","meta":{"footnotes":""},"categories":[129],"tags":[],"class_list":{"1":"post","2":"type-post","3":"status-publish","4":"format-standard","5":"hentry","6":"category-presseerklaerungen-de"},"_links":{"self":[{"href":"http:\/\/www.mafdad.org\/index.php?rest_route=\/wp\/v2\/posts\/3397","targetHints":{"allow":["GET"]}}],"collection":[{"href":"http:\/\/www.mafdad.org\/index.php?rest_route=\/wp\/v2\/posts"}],"about":[{"href":"http:\/\/www.mafdad.org\/index.php?rest_route=\/wp\/v2\/types\/post"}],"author":[{"embeddable":true,"href":"http:\/\/www.mafdad.org\/index.php?rest_route=\/wp\/v2\/users\/2"}],"replies":[{"embeddable":true,"href":"http:\/\/www.mafdad.org\/index.php?rest_route=%2Fwp%2Fv2%2Fcomments&post=3397"}],"version-history":[{"count":5,"href":"http:\/\/www.mafdad.org\/index.php?rest_route=\/wp\/v2\/posts\/3397\/revisions"}],"predecessor-version":[{"id":3931,"href":"http:\/\/www.mafdad.org\/index.php?rest_route=\/wp\/v2\/posts\/3397\/revisions\/3931"}],"wp:attachment":[{"href":"http:\/\/www.mafdad.org\/index.php?rest_route=%2Fwp%2Fv2%2Fmedia&parent=3397"}],"wp:term":[{"taxonomy":"category","embeddable":true,"href":"http:\/\/www.mafdad.org\/index.php?rest_route=%2Fwp%2Fv2%2Fcategories&post=3397"},{"taxonomy":"post_tag","embeddable":true,"href":"http:\/\/www.mafdad.org\/index.php?rest_route=%2Fwp%2Fv2%2Ftags&post=3397"}],"curies":[{"name":"wp","href":"https:\/\/api.w.org\/{rel}","templated":true}]}}