{"id":3392,"date":"2016-06-27T11:00:43","date_gmt":"2016-06-27T09:00:43","guid":{"rendered":"http:\/\/www.mafdad.org\/?p=3392"},"modified":"2024-12-26T09:59:46","modified_gmt":"2024-12-26T08:59:46","slug":"strafanzeige-gegen-recep-tayip-erdogan-u-a-nach-dem-volkerstrafgesetzbuch-wegen-kriegsverbrechen-und-verbrechen-gegen-die-menschlichkeit","status":"publish","type":"post","link":"http:\/\/www.mafdad.org\/?p=3392","title":{"rendered":"Strafanzeige gegen Recep Tayip Erdogan u.a. nach dem V\u00f6lkerstrafgesetzbuch wegen Kriegsverbrechen und Verbrechen gegen die Menschlichkeit"},"content":{"rendered":"<h2><strong>Strafanzeige gegen Recep Tayip Erdogan u.a. nach dem V\u00f6lkerstrafgesetzbuch wegen Kriegsverbrechen und Verbrechen gegen die Menschlichkeit<\/strong><\/h2>\n<p>In dieser Sache haben wir die Vertretung folgender Organisationen und Personen \u00fcbernommen:<br \/>\nGesch\u00e4digte:<br \/>\n\u2022 Faysal Sariyildiz, Abgeordneter der HDP im t\u00fcrkischen Parlament und Gesch\u00e4digter<br \/>\n\u2022 Serdar Erdin, Angeh\u00f6riger des get\u00f6teten E\u015fref Erdin<br \/>\n\u2022 Hasan Demirkaya, Bruder der get\u00f6teten Berjin Demirkaya,<\/p>\n<p>weitere Anzeigeerstatter_innen:<\/p>\n<p style=\"text-align: justify;\">\n\u2022 MAF-DAD \u2013 Verein f\u00fcr Demokratie und internationales Recht e.V. in K\u00f6ln, vertreten durch den Vorstand, namentlich Mahmut \u015eakar, Rechtsanw\u00e4ltin Heike Geisweid, Prof.Dr. Norman Paech, Rechtsanwalt Dr. Rolf G\u00f6ssner und Dr. J\u00fcrgen Schneider.<br \/>\n\u2022 Medizinische Fl\u00fcchtlingshilfe Bochum e. V., Dr.-Ruer-Platz 2, 44787 Bochum<br \/>\n\u2022 Fl\u00fcchtlingsrat NRW e.V., Wittener Stra\u00dfe 201, 44803 Bochum<br \/>\n\u2022 Konstantin Wecker, Liedermacher und Komponist aus M\u00fcnchen<br \/>\n\u2022 Esther Bejarano, Musikerin und aktive Antifaschistin aus Hamburg<br \/>\n\u2022 Rolf Becker, Schauspieler aus Hamburg<br \/>\n\u2022 Dr. med. Gisela Penteker, Mitglied von IPPNW<br \/>\n\u2022 Dr. med. Michael Brune, Psychiater aus Hamburg<br \/>\n\u2022 Dr. Dierk-Eckhard Becker, Journalist und Historiker, Aktivist in mehr Demokratie .eV.<br \/>\n\u2022 Susi Meret, Associate Professor Ph.D (Doctor of Philosophy), Universit\u00e4t Aalborg,<br \/>\n\u2022 Dr. Phil. Cordelia He\u00df, senior lecuturer, University of Gothenburg, department of<br \/>\nhistorical studies<br \/>\n\u2022 Andreas Blechschmidt, Literaturwissenschaftlicher und freier Autor aus Hamburg<br \/>\n\u2022 Andrej Hunko, Mitglied des Bundestages und Mitglied in der parlamentarischen Versammlung des Europarates<br \/>\n\u2022 Harald Weinberg, Mitglied des Bundestages<br \/>\n\u2022 Ulla Jelpke, Mitglied des Bundestages<br \/>\n\u2022 Inge H\u00f6ger, Mitglied des Bundestages<br \/>\n\u2022 Annette Groth, Mitglied des Bundestages<br \/>\n\u2022 Martin Dolzer, Mitglied der Hamburgischen B\u00fcrgerschaft<br \/>\n\u2022 Inge Hannemann, Mitglied der Hamburgischen B\u00fcrgerschaft<br \/>\n\u2022 Marion Padua, Stadtr\u00e4tin N\u00fcrnberg<br \/>\n\u2022 Tilman Z\u00fclch, Generalsekret\u00e4r der Gesellschaft f\u00fcr bedrohte V\u00f6lker<br \/>\n\u2022 Rechtsanw\u00e4ltin Alexandra Wichman aus Hamburg<br \/>\n\u2022 Rechtsanw\u00e4ltin Anna Gilsbach LL.M. aus Berlin<br \/>\n\u2022 Rechtsanw\u00e4ltin Anette Schmidt aus Hamburg<br \/>\n\u2022 Rechtsanw\u00e4ltin Anya Lean aus Berlin<br \/>\n\u2022 Rechtsanwalt Bj\u00f6rn Stehn aus Hamburg<\/p>\n<p>. Rechtsanwalt Christian Woldmann aus Hamburg<br \/>\n\u2022 Rechtsanw\u00e4ltin Elisabeth Burczyk<br \/>\n\u2022 Rechtsanwalt Ernst Medecke aus Hamburg<br \/>\n\u2022 Rechtsanw\u00e4ltin Fenna Busmann aus Hamburg<br \/>\n\u2022 Rechtsanwalt Frank Jasenski aus Gelsenkirchen<br \/>\n\u2022 Rechtsanwalt Hendrik Schulze aus Hamburg<br \/>\n\u2022 Rechtsanw\u00e4ltin Henriette Scharnhorst aus Berlin<br \/>\n\u2022 Rechtsanw\u00e4ltin Ilka Quirling aus Hamburg<br \/>\n\u2022 Rechtsanwalt Jan S\u00fcrig aus Bremen<br \/>\n\u2022 Rechtsanw\u00e4ltin Katrin Niedenthal aus Bielefeld<br \/>\n\u2022 Rechtsanw\u00e4ltin Lisa L\u00fchrs aus Berlin<br \/>\n\u2022 Rechtsanwalt Lukas Theune aus Berlin<br \/>\n\u2022 Rechtsanwalt Martin Lemke aus Hamburg<br \/>\n\u2022 Rechtsanwalt Matthias Wisbar aus Hamburg<br \/>\n\u2022 Rechtsanwalt Nils Rotermund aus Berlin<br \/>\n\u2022 Rechtsanw\u00e4ltin Petra Isabel Schlagenhauf aus Berlin<br \/>\n\u2022 Rechtsanwalt Ralph Monneck aus Berlin<br \/>\n\u2022 Rechtsanw\u00e4ltin Ronska Verena Grimm aus Berlin<br \/>\n\u2022 Rechtsanw\u00e4ltin Sigrid T\u00f6pfer aus Hamburg<br \/>\n\u2022 Rechtsanwalt Sven Adam aus G\u00f6ttingen<br \/>\n\u2022 Rechtsanwalt Thomas Jung aus Kiel<br \/>\n\u2022 Rechtsanwalt Thorsten M\u00fcller aus Bremen<br \/>\n\u2022 Rechtsanwalt Volker Gerloff aus Berlin<br \/>\n\u2022 Rechtsanw\u00e4ltin Zora Katharina Schalow aus Berlin<br \/>\n\u2022 Dejan Lazic, Jurist und Soziologe, Dozent f\u00fcr Migrationsrecht<\/p>\n<p><span style=\"text-decoration: underline;\">Angezeigt werden die folgenden Personen:<\/span><\/p>\n<p>der Pr\u00e4sident der Republik T\u00fcrkei,\u00a0\u00a0\u00a0\u00a0\u00a0\u00a0\u00a0\u00a0\u00a0\u00a0\u00a0\u00a0\u00a0\u00a0\u00a0\u00a0\u00a0\u00a0\u00a0\u00a0\u00a0\u00a0\u00a0\u00a0\u00a0\u00a0\u00a0\u00a0\u00a0\u00a0\u00a0\u00a0\u00a0\u00a0\u00a0\u00a0\u00a0\u00a0\u00a0\u00a0\u00a0\u00a0\u00a0\u00a0\u00a0\u00a0\u00a0\u00a0\u00a0\u00a0\u00a0\u00a0\u00a0\u00a0\u00a0\u00a0\u00a0\u00a0\u00a0\u00a0\u00a0\u00a0\u00a0\u00a0\u00a0\u00a0\u00a0\u00a0\u00a0\u00a0\u00a0<strong>\u00a0 Recep Tayyip Erdo\u011fan,<\/strong><br \/>\nder ehemalige Premierminister der Republik T\u00fcrkei,\u00a0\u00a0\u00a0\u00a0\u00a0\u00a0\u00a0\u00a0\u00a0\u00a0\u00a0\u00a0\u00a0\u00a0\u00a0\u00a0\u00a0\u00a0\u00a0\u00a0\u00a0\u00a0\u00a0\u00a0\u00a0\u00a0\u00a0\u00a0\u00a0\u00a0\u00a0\u00a0\u00a0\u00a0\u00a0\u00a0\u00a0\u00a0<strong>\u00a0\u00a0 Ahmet Davuto\u011flu,<\/strong><br \/>\nder Innenminister der Republik T\u00fcrkei,\u00a0\u00a0\u00a0\u00a0\u00a0\u00a0\u00a0\u00a0\u00a0\u00a0\u00a0\u00a0\u00a0\u00a0\u00a0\u00a0\u00a0\u00a0\u00a0\u00a0\u00a0\u00a0\u00a0\u00a0\u00a0\u00a0\u00a0\u00a0\u00a0\u00a0\u00a0\u00a0\u00a0\u00a0\u00a0\u00a0\u00a0\u00a0\u00a0\u00a0\u00a0\u00a0\u00a0\u00a0\u00a0\u00a0\u00a0\u00a0\u00a0\u00a0\u00a0\u00a0\u00a0\u00a0\u00a0\u00a0\u00a0\u00a0\u00a0\u00a0\u00a0<strong>\u00a0 \u00a0 Efkan Ala<\/strong>,<br \/>\nder ehemalige Verteidigungsminister der Republik T\u00fcrkei,\u00a0\u00a0\u00a0\u00a0\u00a0\u00a0\u00a0\u00a0\u00a0\u00a0\u00a0\u00a0\u00a0\u00a0\u00a0\u00a0\u00a0\u00a0\u00a0 \u00a0 \u00a0 \u00a0 \u00a0 \u00a0\u00a0 <strong>\u0130smet Y\u0131lmaz,<\/strong><br \/>\nder ehemalige Verteidigungsminister der Republik T\u00fcrkei\u00a0\u00a0\u00a0\u00a0\u00a0\u00a0\u00a0\u00a0\u00a0\u00a0\u00a0\u00a0\u00a0\u00a0\u00a0\u00a0\u00a0\u00a0\u00a0\u00a0\u00a0\u00a0\u00a0\u00a0\u00a0\u00a0\u00a0\u00a0 \u00a0<strong>\u00a0 Mehmet Vecdi G\u00f6n\u00fcl<\/strong><br \/>\nder amtierende t\u00fcrkische Generalstabschef,\u00a0\u00a0\u00a0\u00a0\u00a0\u00a0\u00a0\u00a0\u00a0\u00a0\u00a0\u00a0\u00a0\u00a0\u00a0\u00a0\u00a0\u00a0\u00a0\u00a0\u00a0\u00a0\u00a0\u00a0\u00a0\u00a0\u00a0\u00a0\u00a0\u00a0\u00a0\u00a0\u00a0\u00a0\u00a0\u00a0\u00a0\u00a0\u00a0\u00a0\u00a0\u00a0\u00a0\u00a0\u00a0\u00a0\u00a0\u00a0\u00a0\u00a0\u00a0\u00a0\u00a0\u00a0 \u00a0\u00a0<strong> Hulusi Akar<\/strong>,<br \/>\nder oberste Kommandeur der Landstreitkr\u00e4fte,\u00a0\u00a0\u00a0\u00a0\u00a0\u00a0\u00a0\u00a0\u00a0\u00a0\u00a0\u00a0\u00a0\u00a0\u00a0\u00a0\u00a0\u00a0\u00a0\u00a0\u00a0\u00a0\u00a0\u00a0\u00a0\u00a0\u00a0\u00a0\u00a0\u00a0\u00a0\u00a0\u00a0\u00a0\u00a0\u00a0\u00a0\u00a0\u00a0\u00a0\u00a0\u00a0\u00a0\u00a0\u00a0\u00a0\u00a0\u00a0\u00a0\u00a0 <strong>Salih Zeki \u00c7olak,<\/strong><br \/>\nder Kommandeur der Spezialeinheiten der Landstreitkr\u00e4fte,\u00a0\u00a0\u00a0\u00a0\u00a0\u00a0\u00a0\u00a0\u00a0\u00a0\u00a0\u00a0\u00a0\u00a0\u00a0\u00a0\u00a0\u00a0\u00a0\u00a0\u00a0\u00a0\u00a0\u00a0\u00a0\u00a0<strong>\u00a0 Mehmet Okkan,<\/strong><br \/>\nder Generalbefehlshaber der Jandarma,\u00a0\u00a0\u00a0\u00a0\u00a0\u00a0\u00a0\u00a0\u00a0\u00a0\u00a0\u00a0\u00a0\u00a0\u00a0\u00a0\u00a0\u00a0\u00a0\u00a0\u00a0\u00a0\u00a0\u00a0\u00a0\u00a0\u00a0\u00a0\u00a0\u00a0\u00a0\u00a0\u00a0\u00a0\u00a0\u00a0\u00a0\u00a0\u00a0\u00a0\u00a0\u00a0\u00a0\u00a0\u00a0\u00a0\u00a0\u00a0\u00a0\u00a0\u00a0\u00a0\u00a0\u00a0\u00a0\u00a0\u00a0\u00a0\u00a0\u00a0\u00a0 \u00a0<strong>\u00a0 Galip Mendi,<\/strong><br \/>\nder Kommandeur des 2. Heeres, Sitz in Malatya,\u00a0\u00a0\u00a0\u00a0\u00a0\u00a0\u00a0\u00a0\u00a0\u00a0\u00a0\u00a0\u00a0\u00a0\u00a0\u00a0\u00a0\u00a0\u00a0\u00a0\u00a0\u00a0\u00a0\u00a0\u00a0\u00a0\u00a0\u00a0\u00a0\u00a0\u00a0\u00a0\u00a0\u00a0\u00a0\u00a0\u00a0\u00a0\u00a0\u00a0\u00a0\u00a0\u00a0\u00a0\u00a0\u00a0\u00a0<strong>\u00a0 <\/strong><br \/>\nzust\u00e4ndig f\u00fcr die gesamten kurdischen Provinzen der T\u00fcrkei,\u00a0\u00a0\u00a0\u00a0\u00a0\u00a0\u00a0\u00a0\u00a0\u00a0\u00a0\u00a0\u00a0\u00a0\u00a0\u00a0\u00a0\u00a0\u00a0\u00a0\u00a0\u00a0\u00a0\u00a0\u00a0<strong> \u00a0 Adem Huduti<\/strong><br \/>\nder Kommandeur des 7. Korps,\u00a0\u00a0\u00a0\u00a0\u00a0\u00a0\u00a0\u00a0\u00a0\u00a0\u00a0\u00a0\u00a0\u00a0\u00a0\u00a0\u00a0\u00a0\u00a0\u00a0\u00a0\u00a0\u00a0\u00a0\u00a0\u00a0\u00a0\u00a0\u00a0\u00a0\u00a0\u00a0\u00a0\u00a0\u00a0\u00a0\u00a0\u00a0\u00a0\u00a0\u00a0\u00a0\u00a0\u00a0\u00a0\u00a0\u00a0\u00a0\u00a0\u00a0\u00a0\u00a0\u00a0\u00a0\u00a0\u00a0\u00a0\u00a0\u00a0\u00a0\u00a0\u00a0\u00a0\u00a0\u00a0\u00a0\u00a0\u00a0\u00a0\u00a0\u00a0\u00a0\u00a0 <strong>\u00a0 \u00a0 \u00a0\u00a0 Ibrahim Yolmaz, <\/strong><br \/>\nder Kommandeur der Jandarma, Gebiet Diyarbakir,\u00a0\u00a0\u00a0\u00a0\u00a0\u00a0\u00a0\u00a0\u00a0\u00a0\u00a0\u00a0\u00a0\u00a0\u00a0\u00a0\u00a0\u00a0\u00a0\u00a0\u00a0\u00a0\u00a0\u00a0\u00a0\u00a0\u00a0\u00a0\u00a0\u00a0\u00a0\u00a0\u00a0\u00a0\u00a0\u00a0\u00a0\u00a0\u00a0\u00a0\u00a0\u00a0<strong>\u00a0 <\/strong><br \/>\nzu dem auch \u015e\u0131rnak und damit Cizre geh\u00f6rt,\u00a0\u00a0\u00a0\u00a0\u00a0\u00a0\u00a0\u00a0\u00a0\u00a0\u00a0\u00a0\u00a0\u00a0\u00a0\u00a0\u00a0\u00a0\u00a0\u00a0\u00a0\u00a0\u00a0\u00a0\u00a0\u00a0\u00a0\u00a0\u00a0\u00a0\u00a0\u00a0\u00a0\u00a0\u00a0\u00a0\u00a0\u00a0\u00a0\u00a0\u00a0\u00a0\u00a0\u00a0\u00a0\u00a0\u00a0\u00a0\u00a0\u00a0\u00a0\u00a0\u00a0\u00a0\u00a0\u00a0 \u00a0<strong> Musa \u00c7itil,<\/strong><br \/>\nder Kommandeur der 23. Grenzdivision<br \/>\nder Jandarma in \u015e\u0131rnak,\u00a0\u00a0\u00a0\u00a0\u00a0\u00a0\u00a0\u00a0\u00a0\u00a0\u00a0\u00a0\u00a0\u00a0\u00a0\u00a0\u00a0\u00a0\u00a0\u00a0\u00a0\u00a0\u00a0\u00a0\u00a0\u00a0\u00a0\u00a0\u00a0\u00a0\u00a0\u00a0\u00a0\u00a0\u00a0\u00a0\u00a0\u00a0\u00a0\u00a0\u00a0\u00a0\u00a0\u00a0\u00a0\u00a0\u00a0\u00a0\u00a0\u00a0\u00a0\u00a0\u00a0\u00a0\u00a0\u00a0\u00a0\u00a0\u00a0\u00a0\u00a0\u00a0\u00a0\u00a0\u00a0\u00a0\u00a0\u00a0\u00a0\u00a0\u00a0\u00a0\u00a0\u00a0\u00a0\u00a0\u00a0\u00a0\u00a0\u00a0\u00a0\u00a0\u00a0\u00a0\u00a0\u00a0\u00a0\u00a0\u00a0\u00a0<strong>\u00a0 \u00a0Abdullah Baysar,<\/strong><br \/>\nder Kommandeur der Jandarma Brigaden von \u015e\u0131rnak,\u00a0\u00a0\u00a0\u00a0\u00a0\u00a0\u00a0\u00a0\u00a0\u00a0\u00a0\u00a0\u00a0\u00a0\u00a0\u00a0\u00a0\u00a0\u00a0\u00a0\u00a0\u00a0\u00a0\u00a0\u00a0\u00a0\u00a0\u00a0\u00a0\u00a0\u00a0\u00a0\u00a0\u00a0\u00a0 \u00a0<strong>\u00a0\u00a0 Ali Osman G\u00fcrcan<\/strong><br \/>\nder Kommandeur der Allgemeinen Jandarma von \u015e\u0131rnak,\u00a0\u00a0\u00a0\u00a0\u00a0\u00a0\u00a0\u00a0\u00a0\u00a0\u00a0\u00a0\u00a0\u00a0\u00a0\u00a0\u00a0\u00a0\u00a0\u00a0\u00a0\u00a0\u00a0\u00a0\u00a0\u00a0\u00a0\u00a0 \u00a0<strong> \u00a0\u00a0 Mustafa Sakao\u011flu,<\/strong><br \/>\nder Polizeipr\u00e4sident von \u015e\u0131rnak,\u00a0\u00a0\u00a0\u00a0\u00a0\u00a0\u00a0\u00a0\u00a0\u00a0\u00a0\u00a0\u00a0\u00a0\u00a0\u00a0\u00a0\u00a0\u00a0\u00a0\u00a0\u00a0\u00a0\u00a0\u00a0\u00a0\u00a0\u00a0\u00a0\u00a0\u00a0\u00a0\u00a0\u00a0\u00a0\u00a0\u00a0\u00a0\u00a0\u00a0\u00a0\u00a0\u00a0\u00a0\u00a0\u00a0\u00a0\u00a0\u00a0\u00a0\u00a0\u00a0\u00a0\u00a0\u00a0\u00a0\u00a0\u00a0\u00a0\u00a0\u00a0\u00a0\u00a0\u00a0\u00a0\u00a0\u00a0\u00a0\u00a0\u00a0\u00a0\u00a0\u00a0\u00a0 \u00a0\u00a0<strong> Celal Sel<\/strong><br \/>\nder Polizeipr\u00e4sident von Cizre,\u00a0\u00a0\u00a0\u00a0\u00a0\u00a0\u00a0\u00a0\u00a0\u00a0\u00a0\u00a0\u00a0\u00a0\u00a0\u00a0\u00a0\u00a0\u00a0\u00a0\u00a0\u00a0\u00a0\u00a0\u00a0\u00a0\u00a0\u00a0\u00a0\u00a0\u00a0\u00a0\u00a0\u00a0\u00a0\u00a0\u00a0\u00a0\u00a0\u00a0\u00a0\u00a0\u00a0\u00a0\u00a0\u00a0\u00a0\u00a0\u00a0\u00a0\u00a0\u00a0\u00a0\u00a0\u00a0\u00a0\u00a0\u00a0\u00a0\u00a0\u00a0\u00a0\u00a0\u00a0\u00a0\u00a0\u00a0\u00a0\u00a0\u00a0\u00a0\u00a0\u00a0\u00a0\u00a0 \u00a0 \u00a0<strong> \u00d6mer Faruk Karaka\u015f, <\/strong><br \/>\nder Gouverneur von \u015e\u0131rnak,\u00a0\u00a0\u00a0\u00a0\u00a0\u00a0\u00a0\u00a0\u00a0\u00a0\u00a0\u00a0\u00a0\u00a0\u00a0\u00a0\u00a0\u00a0\u00a0\u00a0\u00a0\u00a0\u00a0\u00a0\u00a0\u00a0\u00a0\u00a0\u00a0\u00a0\u00a0\u00a0\u00a0\u00a0\u00a0\u00a0\u00a0\u00a0\u00a0\u00a0\u00a0\u00a0\u00a0\u00a0\u00a0\u00a0\u00a0\u00a0\u00a0\u00a0\u00a0\u00a0\u00a0\u00a0\u00a0\u00a0\u00a0\u00a0\u00a0\u00a0\u00a0\u00a0\u00a0\u00a0\u00a0\u00a0\u00a0\u00a0\u00a0\u00a0\u00a0\u00a0\u00a0\u00a0\u00a0\u00a0\u00a0\u00a0\u00a0\u00a0\u00a0\u00a0 \u00a0\u00a0<strong> Ali Ihsan Su, <\/strong><br \/>\nder Gouverneur (Kaymakam) von Cizre,\u00a0\u00a0\u00a0\u00a0\u00a0\u00a0\u00a0\u00a0\u00a0\u00a0\u00a0\u00a0\u00a0\u00a0\u00a0\u00a0\u00a0\u00a0\u00a0\u00a0\u00a0\u00a0\u00a0\u00a0\u00a0\u00a0\u00a0\u00a0\u00a0\u00a0\u00a0\u00a0\u00a0\u00a0\u00a0\u00a0\u00a0\u00a0\u00a0\u00a0\u00a0\u00a0\u00a0\u00a0\u00a0\u00a0\u00a0\u00a0\u00a0\u00a0\u00a0\u00a0\u00a0\u00a0\u00a0\u00a0\u00a0\u00a0\u00a0\u00a0\u00a0\u00a0 \u00a0\u00a0 <strong>Ahmet Adanur<\/strong>,<br \/>\nder Generalstaatsanwalt von Cizre,\u00a0\u00a0\u00a0\u00a0\u00a0\u00a0\u00a0\u00a0\u00a0\u00a0\u00a0\u00a0\u00a0\u00a0\u00a0\u00a0\u00a0\u00a0\u00a0\u00a0\u00a0\u00a0\u00a0\u00a0\u00a0\u00a0\u00a0\u00a0\u00a0\u00a0\u00a0\u00a0\u00a0\u00a0\u00a0\u00a0\u00a0\u00a0\u00a0\u00a0\u00a0\u00a0\u00a0\u00a0\u00a0\u00a0\u00a0\u00a0\u00a0\u00a0\u00a0\u00a0\u00a0\u00a0\u00a0\u00a0\u00a0\u00a0\u00a0\u00a0\u00a0\u00a0\u00a0\u00a0\u00a0\u00a0\u00a0\u00a0\u00a0\u00a0\u00a0\u00a0<strong> Cuma \u00c7oban<\/strong>,<br \/>\nder Pr\u00e4sident der Generaldirektion f\u00fcr Sicherheit,\u00a0\u00a0\u00a0\u00a0\u00a0\u00a0\u00a0\u00a0\u00a0\u00a0\u00a0\u00a0\u00a0\u00a0\u00a0\u00a0\u00a0\u00a0\u00a0\u00a0\u00a0\u00a0\u00a0\u00a0\u00a0\u00a0\u00a0\u00a0\u00a0\u00a0\u00a0\u00a0\u00a0\u00a0\u00a0\u00a0\u00a0\u00a0\u00a0\u00a0\u00a0\u00a0\u00a0\u00a0 \u00a0<strong>M. Celalettin Lekesiz, <\/strong><br \/>\nder Pr\u00e4sident des Dezernats f\u00fcr Sondereins\u00e4tze<br \/>\nder t\u00fcrkischen Polizei,\u00a0\u00a0\u00a0\u00a0\u00a0\u00a0\u00a0\u00a0\u00a0\u00a0\u00a0\u00a0\u00a0\u00a0\u00a0\u00a0\u00a0\u00a0\u00a0\u00a0\u00a0\u00a0\u00a0\u00a0\u00a0\u00a0\u00a0\u00a0\u00a0\u00a0\u00a0\u00a0\u00a0\u00a0\u00a0\u00a0\u00a0\u00a0\u00a0\u00a0\u00a0\u00a0\u00a0\u00a0\u00a0\u00a0\u00a0\u00a0\u00a0\u00a0\u00a0\u00a0\u00a0\u00a0\u00a0\u00a0\u00a0\u00a0\u00a0\u00a0\u00a0\u00a0\u00a0\u00a0\u00a0\u00a0\u00a0\u00a0\u00a0\u00a0\u00a0\u00a0\u00a0\u00a0\u00a0\u00a0\u00a0\u00a0\u00a0\u00a0\u00a0\u00a0\u00a0\u00a0\u00a0\u00a0\u00a0\u00a0\u00a0\u00a0\u00a0\u00a0\u00a0\u00a0\u00a0<strong> Turan Aksoy, <\/strong><\/p>\n<p>sowie weitere noch namentlich unbekannte Personen.<br \/>\nwegen<br \/>\nKriegsverbrechen (\u00a7 8 VStGB), Verbrechen gegen die Menschlichkeit (\u00a7 7 VStGB) sowie<br \/>\nKriegsverbrechen des Einsatzes verbotener Methoden der Kriegsf\u00fchrung (\u00a7 8 VStGB).<\/p>\n<p>[gview file=&#8220;http:\/\/www.mafdad.org\/wp-content\/uploads\/2016\/06\/Endversion-Strafanzeige-1.pdf&#8220; height=&#8220;1000px&#8220; width=&#8220;800px&#8220; save=&#8220;1&#8243;]<\/p>\n","protected":false},"excerpt":{"rendered":"<p>Strafanzeige gegen Recep Tayip Erdogan u.a. nach dem V\u00f6lkerstrafgesetzbuch wegen Kriegsverbrechen und Verbrechen gegen die Menschlichkeit In dieser Sache haben wir die Vertretung folgender Organisationen und Personen \u00fcbernommen: Gesch\u00e4digte: \u2022<\/p>\n","protected":false},"author":2,"featured_media":0,"comment_status":"closed","ping_status":"open","sticky":false,"template":"","format":"standard","meta":{"footnotes":""},"categories":[111,127],"tags":[],"class_list":{"1":"post","2":"type-post","3":"status-publish","4":"format-standard","5":"hentry","6":"category-analysen-de","7":"category-dossiers-berichte-de"},"_links":{"self":[{"href":"http:\/\/www.mafdad.org\/index.php?rest_route=\/wp\/v2\/posts\/3392","targetHints":{"allow":["GET"]}}],"collection":[{"href":"http:\/\/www.mafdad.org\/index.php?rest_route=\/wp\/v2\/posts"}],"about":[{"href":"http:\/\/www.mafdad.org\/index.php?rest_route=\/wp\/v2\/types\/post"}],"author":[{"embeddable":true,"href":"http:\/\/www.mafdad.org\/index.php?rest_route=\/wp\/v2\/users\/2"}],"replies":[{"embeddable":true,"href":"http:\/\/www.mafdad.org\/index.php?rest_route=%2Fwp%2Fv2%2Fcomments&post=3392"}],"version-history":[{"count":1,"href":"http:\/\/www.mafdad.org\/index.php?rest_route=\/wp\/v2\/posts\/3392\/revisions"}],"predecessor-version":[{"id":3848,"href":"http:\/\/www.mafdad.org\/index.php?rest_route=\/wp\/v2\/posts\/3392\/revisions\/3848"}],"wp:attachment":[{"href":"http:\/\/www.mafdad.org\/index.php?rest_route=%2Fwp%2Fv2%2Fmedia&parent=3392"}],"wp:term":[{"taxonomy":"category","embeddable":true,"href":"http:\/\/www.mafdad.org\/index.php?rest_route=%2Fwp%2Fv2%2Fcategories&post=3392"},{"taxonomy":"post_tag","embeddable":true,"href":"http:\/\/www.mafdad.org\/index.php?rest_route=%2Fwp%2Fv2%2Ftags&post=3392"}],"curies":[{"name":"wp","href":"https:\/\/api.w.org\/{rel}","templated":true}]}}