{"id":3388,"date":"2016-06-27T10:30:34","date_gmt":"2016-06-27T08:30:34","guid":{"rendered":"http:\/\/www.mafdad.org\/?p=3388"},"modified":"2024-12-26T09:59:52","modified_gmt":"2024-12-26T08:59:52","slug":"strafanzeige-gegen-den-turkischen-staatsprasidenten-r-t-erdogan-und-weitere-verantwortliche-wegen-kriegsverbrechen-und-verbrechen-gegen-die-menschlichkeit","status":"publish","type":"post","link":"http:\/\/www.mafdad.org\/?p=3388","title":{"rendered":"Einladung zur Pressekonferenz"},"content":{"rendered":"<p><span style=\"font-family: Cochin;\"><span style=\"font-size: large;\"><b>Einladung zur Pressekonferenz<\/b><\/span><\/span><\/p>\n<p><span style=\"color: #800000;\"><span style=\"font-family: Cochin;\"><span style=\"font-size: large;\"><b>Strafanzeige gegen den t\u00fcrkischen Staatspr\u00e4sidenten R.T. Erdogan und weitere Verantwortliche wegen Kriegsverbrechen und Verbrechen gegen die Menschlichkeit<\/b><\/span><\/span><\/span><\/p>\n<p><span style=\"font-family: Cochin;\"><b>Pressekonferenz am 27.06.2016, um 11:00 Uhr <\/b><\/span><\/p>\n<p><span style=\"font-family: Cochin;\"><span style=\"font-size: medium;\"><b>im Maritim proArte Hotel Berlin<\/b><\/span><\/span><\/p>\n<p align=\"left\"><span style=\"font-family: Cochin;\"><span style=\"font-size: medium;\"><b>Friedrichstra\u00dfe 151<\/b><\/span><\/span><\/p>\n<p align=\"left\"><span style=\"font-family: Cochin;\"><span style=\"font-size: medium;\"><b>10117 Berlin<\/b><\/span><\/span><\/p>\n<p><span style=\"font-family: Cochin;\"><span style=\"font-size: medium;\"><b>Salon 4<\/b><\/span><\/span><\/p>\n<p><span style=\"font-family: Cochin;\"><span style=\"font-size: medium;\">Sehr geehrte Damen und Herren, <\/span><\/span><\/p>\n<p align=\"justify\"><span style=\"font-family: Cochin;\"><span style=\"font-size: medium;\">hiermit laden wir Sie herzlich zur o.g. Pressekonferenz ein.<\/span><\/span><\/p>\n<p align=\"justify\">\u201e<span style=\"font-family: Cochin;\"><span style=\"font-size: medium;\">Im Namen von Bundestags- und Landtagsabgeordneten, Rechtsanw\u00e4lt_innen, \u00c4rzt_innen, Wissenschaftler_innen und weiteren Einzelpersonen, darunter auch Angeh\u00f6rigen von Opfern, und verschiedenen zivilgesellschaftlichen Organisationen haben wir den Staatspr\u00e4sidenten der Republik T\u00fcrkei, Recep Tayip Erdogan, sowie weitere verantwortliche Minister, Verantwortliche aus Milit\u00e4r und Polizei sowie die zust\u00e4ndigen Gouverneure wegen in den kurdischen Gebieten im S\u00fcdosten der T\u00fcrkei, insbesondere in Cizre, begangenen Kriegsverbrechen und Verbrechen gegen die Menschlichkeit gem\u00e4\u00df dem deutschen V\u00f6lkerstrafgesetzbuch (VStGB) bei der Generalbundesanwaltschaft angezeigt\u201c, erkl\u00e4ren die <b>Rechtsanw\u00e4ltinnen Britta Eder und Rechtsanw\u00e4ltin Petra Dervishaj. <\/b><\/span><\/span><\/p>\n<p align=\"justify\">[gview file=&#8220;http:\/\/www.mafdad.org\/wp-content\/uploads\/2016\/06\/PM-Einladung-zur-Pressekonferenz-Strafanzeige-gegen-R.T-Erdogan.pdf&#8220; save=&#8220;1&#8243;]<\/p>\n","protected":false},"excerpt":{"rendered":"<p>Einladung zur Pressekonferenz Strafanzeige gegen den t\u00fcrkischen Staatspr\u00e4sidenten R.T. Erdogan und weitere Verantwortliche wegen Kriegsverbrechen und Verbrechen gegen die Menschlichkeit Pressekonferenz am 27.06.2016, um 11:00 Uhr im Maritim proArte Hotel<\/p>\n","protected":false},"author":2,"featured_media":0,"comment_status":"closed","ping_status":"open","sticky":false,"template":"","format":"standard","meta":{"footnotes":""},"categories":[111,129],"tags":[],"class_list":{"1":"post","2":"type-post","3":"status-publish","4":"format-standard","5":"hentry","6":"category-analysen-de","7":"category-presseerklaerungen-de"},"_links":{"self":[{"href":"http:\/\/www.mafdad.org\/index.php?rest_route=\/wp\/v2\/posts\/3388","targetHints":{"allow":["GET"]}}],"collection":[{"href":"http:\/\/www.mafdad.org\/index.php?rest_route=\/wp\/v2\/posts"}],"about":[{"href":"http:\/\/www.mafdad.org\/index.php?rest_route=\/wp\/v2\/types\/post"}],"author":[{"embeddable":true,"href":"http:\/\/www.mafdad.org\/index.php?rest_route=\/wp\/v2\/users\/2"}],"replies":[{"embeddable":true,"href":"http:\/\/www.mafdad.org\/index.php?rest_route=%2Fwp%2Fv2%2Fcomments&post=3388"}],"version-history":[{"count":1,"href":"http:\/\/www.mafdad.org\/index.php?rest_route=\/wp\/v2\/posts\/3388\/revisions"}],"predecessor-version":[{"id":3849,"href":"http:\/\/www.mafdad.org\/index.php?rest_route=\/wp\/v2\/posts\/3388\/revisions\/3849"}],"wp:attachment":[{"href":"http:\/\/www.mafdad.org\/index.php?rest_route=%2Fwp%2Fv2%2Fmedia&parent=3388"}],"wp:term":[{"taxonomy":"category","embeddable":true,"href":"http:\/\/www.mafdad.org\/index.php?rest_route=%2Fwp%2Fv2%2Fcategories&post=3388"},{"taxonomy":"post_tag","embeddable":true,"href":"http:\/\/www.mafdad.org\/index.php?rest_route=%2Fwp%2Fv2%2Ftags&post=3388"}],"curies":[{"name":"wp","href":"https:\/\/api.w.org\/{rel}","templated":true}]}}