{"id":3347,"date":"2016-04-07T15:37:50","date_gmt":"2016-04-07T13:37:50","guid":{"rendered":"http:\/\/www.mafdad.org\/?p=3347"},"modified":"2025-01-02T00:27:03","modified_gmt":"2025-01-01T23:27:03","slug":"normanpaech-bericht-uber-eine-reise-nachdiyarbakirnordkurdistanturkei-v-23-29-februar-2016","status":"publish","type":"post","link":"http:\/\/www.mafdad.org\/?p=3347","title":{"rendered":"Reisebericht \/ Prof.Dr. Norman Paech:"},"content":{"rendered":"\n<p><strong>Bericht \u00fcber eine Reise nach Diyarbakir \/Nordkurdistan \/T\u00fcrkei v. 23.\u201329. Februar 2016<\/strong><\/p>\n\n\n\n<p>In der letzten Februarwoche 2016 bin ich gemeinsam mit der Rechtsanw\u00e4ltin Heike&nbsp; Geisweid und Rechtsanwalt&nbsp;&nbsp; Baki Coskun in Nordkurdistan gewesen. Als \u00dcbersetzerin hat uns die Referendarin Dilber Demir begleitet. In Kurdistan wurden wir auf unseren Reisen und Terminen jeweils von verschiedenen kurdischen Anw\u00e4lten&nbsp;&nbsp; begleitet. Ziel unserer Reise war es vor allem, uns ein genaueres Bild von den Auseinandersetzungen, den&nbsp; Auswirkungen der&nbsp;&nbsp; K\u00e4mpfe auf die Bev\u00f6lkerung, das Ausma\u00df der Zerst\u00f6rung sowie den Methoden und den Umfang der Repression gegen kurdische Medien, gesellschaftlichen Organisationen und&nbsp; PolitikerInnen zu machen. Die Beendigung des politischen Dialogs durch die t\u00fcrkische Regierung und die Wiederaufnahme der milit\u00e4rischen Angriffe auf die&nbsp;&nbsp; kurdische Bev\u00f6lkerung hatte, obwohl seit Jahrzehnten immer wieder von den Regierungen praktiziert, diesmal&nbsp;&nbsp; einen bis dahin noch nicht erreichten Grad an Gewalt und Brutalit\u00e4t erreicht. Es hat sich offensichtlich eine neue Konfrontation und Eskalation der Auseinandersetzungen anbahnt.&nbsp; Um dies zu verstehen, haben wir uns \u2013 alle&nbsp;&nbsp; Mitglieder&nbsp;&nbsp; &nbsp;der&nbsp;&nbsp; &nbsp;kurdisch-deutschen&nbsp;&nbsp; &nbsp;Juristenvereinigung MAFDAD \u2013zu&nbsp;&nbsp; &nbsp;dieser&nbsp;&nbsp; &nbsp;Reise&nbsp;&nbsp; &nbsp;entschlossen.&nbsp;&nbsp; &nbsp;Sie&nbsp;&nbsp; sollte zugleich ein Zeichen der Solidarit\u00e4t mit der schwer getroffenen Bev\u00f6lkerung sein.<\/p>\n\n\n\n<figure class=\"wp-block-image size-full\"><a href=\"http:\/\/www.mafdad.org\/wp-content\/uploads\/2016\/04\/Reisebericht-Diyarbakir-Feb-2016.pdf\" target=\"_blank\" rel=\" noreferrer noopener\"><img fetchpriority=\"high\" decoding=\"async\" width=\"283\" height=\"218\" src=\"http:\/\/www.mafdad.org\/wp-content\/uploads\/2016\/06\/downloadpdf.jpg\" alt=\"\" class=\"wp-image-3926\"\/><\/a><\/figure>\n","protected":false},"excerpt":{"rendered":"<p>Bericht \u00fcber eine Reise nach Diyarbakir \/Nordkurdistan \/T\u00fcrkei v. 23.\u201329. Februar 2016 In der letzten Februarwoche 2016 bin ich gemeinsam mit der Rechtsanw\u00e4ltin Heike&nbsp; Geisweid und Rechtsanwalt&nbsp;&nbsp; Baki Coskun in<\/p>\n","protected":false},"author":2,"featured_media":0,"comment_status":"closed","ping_status":"open","sticky":false,"template":"","format":"standard","meta":{"footnotes":""},"categories":[111,127],"tags":[],"class_list":{"1":"post","2":"type-post","3":"status-publish","4":"format-standard","5":"hentry","6":"category-analysen-de","7":"category-dossiers-berichte-de"},"_links":{"self":[{"href":"http:\/\/www.mafdad.org\/index.php?rest_route=\/wp\/v2\/posts\/3347","targetHints":{"allow":["GET"]}}],"collection":[{"href":"http:\/\/www.mafdad.org\/index.php?rest_route=\/wp\/v2\/posts"}],"about":[{"href":"http:\/\/www.mafdad.org\/index.php?rest_route=\/wp\/v2\/types\/post"}],"author":[{"embeddable":true,"href":"http:\/\/www.mafdad.org\/index.php?rest_route=\/wp\/v2\/users\/2"}],"replies":[{"embeddable":true,"href":"http:\/\/www.mafdad.org\/index.php?rest_route=%2Fwp%2Fv2%2Fcomments&post=3347"}],"version-history":[{"count":4,"href":"http:\/\/www.mafdad.org\/index.php?rest_route=\/wp\/v2\/posts\/3347\/revisions"}],"predecessor-version":[{"id":3963,"href":"http:\/\/www.mafdad.org\/index.php?rest_route=\/wp\/v2\/posts\/3347\/revisions\/3963"}],"wp:attachment":[{"href":"http:\/\/www.mafdad.org\/index.php?rest_route=%2Fwp%2Fv2%2Fmedia&parent=3347"}],"wp:term":[{"taxonomy":"category","embeddable":true,"href":"http:\/\/www.mafdad.org\/index.php?rest_route=%2Fwp%2Fv2%2Fcategories&post=3347"},{"taxonomy":"post_tag","embeddable":true,"href":"http:\/\/www.mafdad.org\/index.php?rest_route=%2Fwp%2Fv2%2Ftags&post=3347"}],"curies":[{"name":"wp","href":"https:\/\/api.w.org\/{rel}","templated":true}]}}