{"id":3257,"date":"2010-12-09T23:23:49","date_gmt":"2010-12-09T22:23:49","guid":{"rendered":"http:www.mafdad.org\/?p=3257"},"modified":"2010-12-09T23:23:49","modified_gmt":"2010-12-09T22:23:49","slug":"ii-uluslararasi-hukuk-konferansi","status":"publish","type":"post","link":"http:\/\/www.mafdad.org\/?p=3257","title":{"rendered":"II.Uluslararas\u0131 Hukuk Konferans\u0131"},"content":{"rendered":"<h3>II.Uluslararas\u0131 Hukuk Konferans\u0131:<\/h3>\n<h3>K\u00fcrtlerin \u00f6zg\u00fcl\u00fcnde \u201cAvrupa Hukukunda Uygulamalar \/ Anti\u2010Teror\u2010M\u00fccadelesi \u201d<br \/>\n10\u201012 Aral\u0131k 2010 \/ Bonn<\/h3>\n<p>[gview file=&#8220;http:\/\/www.mafdad.org\/wp-content\/uploads\/2016\/02\/program-TR.pdf&#8220; save=&#8220;1&#8243;]<\/p>\n<p>&nbsp;<\/p>\n<p><strong>S\u00f6zde \u201cKCK davalar\u0131\u201d<\/strong><\/p>\n<p><strong>Cihan Ayd\u0131n, Diyarbak\u0131r barosu<\/strong><\/p>\n<p>[gview file=&#8220;http:\/\/www.mafdad.org\/wp-content\/uploads\/2010\/12\/Cihan-Aydin-T\u00fcrkce.pdf&#8220; save=&#8220;1&#8243;]<\/p>\n<p><strong>TMK MA\u011eDURU YA DA &#8218;TA\u015e ATAN&#8216; \u00c7OCUKLAR<\/strong><\/p>\n<p><strong>Muharrem \u015eahin, Diyarbak\u0131r barosu<\/strong><\/p>\n<p>[gview file=&#8220;http:\/\/www.mafdad.org\/wp-content\/uploads\/2010\/12\/Mahmut-Sakar-T\u00fcrkce.pdf&#8220; save=&#8220;1&#8243;]<\/p>\n<p><strong>F T\u0130P\u0130 CEZAEVLER\u0130, TECR\u0130T VE ETK\u0130LER\u0130<\/strong><\/p>\n<p><strong>Faik \u00d6zg\u00fcr Erol, Diyarbak\u0131r barosu<\/strong><\/p>\n<p style=\"text-align: justify;\">BM Ki\u015fisel ve Siyasal Haklar Uluslararas\u0131 S\u00f6zle\u015fmesi\u2019nin 10. maddesinde a\u00e7\u0131k bir d\u00fczenleme vard\u0131r: \u201c\u00d6zg\u00fcrl\u00fc\u011f\u00fcnden yoksun b\u0131rak\u0131lm\u0131\u015f ki\u015filer insani muamele ve insan\u0131n do\u011fu\u015ftan kazand\u0131\u011f\u0131 insan onuruna sayg\u0131l\u0131 davran\u0131\u015f g\u00f6rme hakk\u0131na sahiptir\u201d der.<\/p>\n<p style=\"text-align: justify;\">[gview file=&#8220;http:\/\/www.mafdad.org\/wp-content\/uploads\/2010\/12\/Faik-\u00d6zg\u00fcr-Erol-T\u00fcrkce.pdf&#8220;]<\/p>\n<p style=\"text-align: justify;\"><strong>Sonu\u00e7 bildirgesi<\/strong><\/p>\n<p style=\"text-align: justify;\">Almanya&#8217;n\u0131n Bonn kentinde 10-12 Aral\u0131k 2010 tarihinde d\u00fczenlenen II. Hukuk Konferans\u0131n\u0131n kat\u0131l\u0131mc\u0131lar\u0131; \u00f6ncelikli olarak, K\u00fcrt kurumlar\u0131n\u0131n ve \u015fahsiyetlerinin Avrupa \u00e7ap\u0131nda kriminalize edilmeleri kar\u015f\u0131s\u0131nda derin kayg\u0131lar\u0131n\u0131 ifade eder.<\/p>\n<p style=\"text-align: justify;\">[gview file=&#8220;http:\/\/www.mafdad.org\/wp-content\/uploads\/2010\/12\/sonucbildigesi2010_layout.pdf&#8220; save=&#8220;1&#8243;]<\/p>\n<p style=\"text-align: justify;\">\n","protected":false},"excerpt":{"rendered":"<p>II.Uluslararas\u0131 Hukuk Konferans\u0131: K\u00fcrtlerin \u00f6zg\u00fcl\u00fcnde \u201cAvrupa Hukukunda Uygulamalar \/ Anti\u2010Teror\u2010M\u00fccadelesi \u201d 10\u201012 Aral\u0131k 2010 \/ Bonn [gview file=&#8220;http:\/\/www.mafdad.org\/wp-content\/uploads\/2016\/02\/program-TR.pdf&#8220; save=&#8220;1&#8243;] &nbsp; S\u00f6zde \u201cKCK davalar\u0131\u201d Cihan Ayd\u0131n, Diyarbak\u0131r barosu [gview file=&#8220;http:\/\/www.mafdad.org\/wp-content\/uploads\/2010\/12\/Cihan-Aydin-T\u00fcrkce.pdf&#8220; save=&#8220;1&#8243;]<\/p>\n","protected":false},"author":2,"featured_media":0,"comment_status":"open","ping_status":"open","sticky":false,"template":"","format":"standard","meta":{"footnotes":""},"categories":[44],"tags":[],"class_list":{"1":"post","2":"type-post","3":"status-publish","4":"format-standard","5":"hentry","6":"category-sempozyum-konferanslar"},"_links":{"self":[{"href":"http:\/\/www.mafdad.org\/index.php?rest_route=\/wp\/v2\/posts\/3257","targetHints":{"allow":["GET"]}}],"collection":[{"href":"http:\/\/www.mafdad.org\/index.php?rest_route=\/wp\/v2\/posts"}],"about":[{"href":"http:\/\/www.mafdad.org\/index.php?rest_route=\/wp\/v2\/types\/post"}],"author":[{"embeddable":true,"href":"http:\/\/www.mafdad.org\/index.php?rest_route=\/wp\/v2\/users\/2"}],"replies":[{"embeddable":true,"href":"http:\/\/www.mafdad.org\/index.php?rest_route=%2Fwp%2Fv2%2Fcomments&post=3257"}],"version-history":[{"count":0,"href":"http:\/\/www.mafdad.org\/index.php?rest_route=\/wp\/v2\/posts\/3257\/revisions"}],"wp:attachment":[{"href":"http:\/\/www.mafdad.org\/index.php?rest_route=%2Fwp%2Fv2%2Fmedia&parent=3257"}],"wp:term":[{"taxonomy":"category","embeddable":true,"href":"http:\/\/www.mafdad.org\/index.php?rest_route=%2Fwp%2Fv2%2Fcategories&post=3257"},{"taxonomy":"post_tag","embeddable":true,"href":"http:\/\/www.mafdad.org\/index.php?rest_route=%2Fwp%2Fv2%2Ftags&post=3257"}],"curies":[{"name":"wp","href":"https:\/\/api.w.org\/{rel}","templated":true}]}}