{"id":3253,"date":"2009-11-29T23:20:17","date_gmt":"2009-11-29T22:20:17","guid":{"rendered":"http:www.mafdad.org\/?p=3253"},"modified":"2009-11-29T23:20:17","modified_gmt":"2009-11-29T22:20:17","slug":"i-uluslararasi-hukuk-konferansi-27-29-kasim-2009-bonn","status":"publish","type":"post","link":"http:\/\/www.mafdad.org\/?p=3253","title":{"rendered":"I.Uluslararas\u0131 Hukuk Konferans\u0131 \/27-29 Kas\u0131m 2009 \/ Bonn"},"content":{"rendered":"<p lang=\"tr-TR\" align=\"center\"><span style=\"font-family: Calibri,sans-serif;\"><span style=\"font-size: large;\"><b>I.Uluslararas\u0131 Hukuk Konferans\u0131<\/b><\/span><\/span><\/p>\n<p lang=\"tr-TR\" align=\"center\"><span style=\"font-family: Calibri,sans-serif;\"><span style=\"font-size: large;\"><b>K\u00fcrtlerin \u00f6zg\u00fcl\u00fcnde \u201cAvrupa Hukukunda Uygulamalar \/ Anti-Teror-M\u00fccadelesi \u201d<\/b><\/span><\/span><\/p>\n<p lang=\"tr-TR\" align=\"center\"><span style=\"font-family: Calibri,sans-serif;\"><span style=\"font-size: large;\"><b>27-29 Kas\u0131m 2009 \/ Bonn<\/b><\/span><\/span><\/p>\n<p lang=\"tr-TR\" align=\"left\"><span style=\"font-family: Calibri,sans-serif;\"><span style=\"font-size: medium;\">Al\u0131nan baz\u0131 kararlar\u0131n k\u0131sa \u00f6zetleri:<\/span><\/span><\/p>\n<p lang=\"tr-TR\" align=\"left\"><span style=\"font-family: Calibri,sans-serif;\"><span style=\"font-size: medium;\"><b>29 Kas\u0131m 2009: Kar\u015f\u0131t Bir Strateji \u0130\u00e7in Siyasi-Hukuki Perspektifler<\/b><\/span><\/span><\/p>\n<p align=\"justify\"><span style=\"font-family: Calibri,sans-serif;\"><span style=\"font-size: small;\"><span style=\"font-size: medium;\"><span lang=\"tr-TR\"><b>1) \u00c7al\u0131\u015fma Grubu: INTERPOL (<\/b><\/span><\/span><span style=\"color: #000000;\"><span style=\"font-size: medium;\"><span lang=\"tr-TR\"><b>Uluslararas\u0131 Polis Te\u015fkilat\u0131<\/b><\/span><\/span><\/span><span style=\"font-size: medium;\"><span lang=\"tr-TR\"><b>)<\/b><\/span><\/span><\/span><\/span><\/p>\n<p align=\"justify\"><span style=\"font-family: Calibri,sans-serif;\"><span style=\"font-size: small;\"><span style=\"font-size: medium;\"><span lang=\"tr-TR\">28.11.2009 g\u00fcn\u00fc bu konuya ilgi duyan hukuk\u00e7ular birarya gelerek bu \u00e7al\u0131\u015fma grubunu olu\u015fturdular. Bu grup; INTERPOL\u2019\u00fcn yap\u0131s\u0131n\u0131 ve nas\u0131l \u00e7al\u0131\u015ft\u0131\u011f\u0131n\u0131 daha yak\u0131ndan \u00f6\u011frenmeyi ve bunun i\u00e7in ne gibi yeni perspektiflerin geli\u015ftirilmesi gerekti\u011fini esas ald\u0131. \u00d6zellikle; aranan ki\u015filer hakk\u0131nda verilen \u201d Mahkeme \u0130ade Kararlar\u0131\u201dna kar\u015f\u0131 nas\u0131l hukuki bir stratejinin geli\u015ftirilmesi gerekti\u011fi tart\u0131\u015f\u0131ld\u0131. Bu tart\u0131\u015fmadan \u00e7\u0131kan ortak bir sonu\u00e7 olarak yeni bir <\/span><\/span><span style=\"font-size: medium;\"><span lang=\"tr-TR\"><i><b>\u201cM\u00fcdahale Grubu \u2013 Task Force\u201d<\/b><\/i><\/span><\/span><span style=\"font-size: medium;\"><span lang=\"tr-TR\"> nun olu\u015fturulmas\u0131 oldu. Ayr\u0131ca bu \u00e7al\u0131\u015fma grubuna ilgi duyanlar\u0131n AZAD\u0130 ile ili\u015fkiye ge\u00e7meleri de karar ba\u011fland\u0131.<\/span><\/span><\/span><\/span><\/p>\n<p lang=\"tr-TR\" align=\"justify\"><span style=\"font-family: Calibri,sans-serif;\"><span style=\"font-size: medium;\"><b>2) Ana Konu: Kar\u015f\u0131t Bir Strateji \u0130\u00e7in Siyasi-Hukuki Perspektifler<\/b><\/span><\/span><\/p>\n<p lang=\"tr-TR\" align=\"justify\"><span style=\"font-family: Calibri,sans-serif;\"><span style=\"font-size: medium;\">Konferansa kat\u0131lan hukuk\u00e7ular \u015fu \u00f6nerilerde bulundular:<\/span><\/span><\/p>\n<p align=\"justify\"><span style=\"font-family: Calibri,sans-serif;\"><span style=\"font-size: small;\"><span style=\"font-size: medium;\"><span lang=\"tr-TR\">a) AB \u00dclkelerinde K\u00fcrtlere y\u00f6nelik a\u00e7\u0131lan davalar\u0131 takip etmek ve onlar\u0131 hukuki olarak savunmak i\u00e7in farkl\u0131 AB \u00fclkelerinden olan 4-5 hukuk\u00e7udan olu\u015fan bir <\/span><\/span><span style=\"font-size: medium;\"><span lang=\"tr-TR\"><i>\u201c<\/i><\/span><\/span><span style=\"font-size: medium;\"><span lang=\"tr-TR\"><i><b>Grup<\/b><\/i><\/span><\/span><span style=\"font-size: medium;\"><span lang=\"tr-TR\"><i>\u201d<\/i><\/span><\/span><span style=\"font-size: medium;\"><span lang=\"tr-TR\">un olu\u015fturulmas\u0131. Bu Grup her 3-4 ayda bir toplanmay\u0131 karara ba\u011flayabilir. MAF-DAD bu grubun koordinesini \u00fcstlenebilir.<\/span><\/span><\/span><\/span><\/p>\n<p align=\"justify\"><span style=\"font-family: Calibri,sans-serif;\"><span style=\"font-size: small;\"><span style=\"font-size: medium;\"><span lang=\"tr-TR\">b) AB Teror Listesi ve Yasalar\u0131\u2019na ve K\u00fcrtlerin kriminalize edilmesine kar\u015f\u0131 bir <\/span><\/span><span style=\"font-size: medium;\"><span lang=\"tr-TR\"><i><b>\u201cGrup\u201d<\/b><\/i><\/span><\/span><span style=\"font-size: medium;\"><span lang=\"tr-TR\">un olu\u015fturulmas\u0131. \u201cAB\u2019de \u00d6zel Ya\u015famalan\u0131\u201d konusu alt\u0131nda bir m\u00fczakerenin ba\u015flat\u0131lmas\u0131 i\u00e7in 05.03.2010 tarihinde Br\u00fcksel\u2019de ilerici hukuk\u00e7ular\u0131n biraraya getirilmesi. Bu \u00f6nerilen \u00c7al\u0131\u015fma Gruplar\u0131 06.03.2010 da toplanabilir. Bunun koordinesini ise ELDH ( D\u00fcnya\u2019da \u0130nsan Haklar\u0131 ve Demokrasi i\u00e7in Avrupa Hukuk\u00e7ular Birli\u011fi)\u00fcstlenebilir.<\/span><\/span><\/span><\/span><\/p>\n<p align=\"justify\"><span style=\"font-family: Calibri,sans-serif;\"><span style=\"font-size: small;\"><span style=\"font-size: medium;\"><span lang=\"tr-TR\">c) \u00d6nemli hukuki geli\u015fmeler ve mahkeme kararlar\u0131 hakk\u0131nda t\u00fcm kat\u0131l\u0131mc\u0131 hukuk\u00e7ular\u0131 bilgilendirmek i\u00e7in bir <\/span><\/span><span style=\"font-size: medium;\"><span lang=\"tr-TR\"><i><b>\u201cEmail Haberle\u015fme Listesi\u201d<\/b><\/i><\/span><\/span><span style=\"font-size: medium;\"><span lang=\"tr-TR\">nin \u00e7\u0131kar\u0131lmas\u0131. <\/span><\/span><\/span><\/span><\/p>\n<p align=\"justify\"><span style=\"font-family: Calibri,sans-serif;\"><span style=\"font-size: small;\"><span style=\"font-size: medium;\"><span lang=\"tr-TR\">d) Sadece hukuk\u00e7ular de\u011fil ayn\u0131 zamanda kendi ba\u011f\u0131ms\u0131zl\u0131klar\u0131 ve temel haklar\u0131 i\u00e7in m\u00fccadele veren <\/span><\/span><span style=\"font-size: medium;\"><span lang=\"tr-TR\"><i><b>\u201cSiyasi Hareketler\u201d<\/b><\/i><\/span><\/span><span style=\"font-size: medium;\"><span lang=\"tr-TR\">de hak ihlallerine kar\u015f\u0131 m\u00fccadele etmeliler. AB\u2019nin geni\u015fleme s\u00fcrecinde sadece AB\u2019de de\u011fil T\u00fcrkiye\u2019de de demokratik standartlara ula\u015fmak, ki en az\u0131ndan b\u00f6yle bir \u00e7aba i\u00e7erisinde, i\u00e7in ciddi hukuki de\u011fi\u015fimler ya\u015fanmaktad\u0131r. K\u00fcrtlerin ya\u015fad\u0131\u011f\u0131 b\u00f6lgelerdede bu de\u011f\u015fimleri g\u00f6rmek m\u00fcmk\u00fcn. Bundan dolay\u0131 \u201cK\u00fcrt Hareketi\u201d yeri kesinlikle AB-Teror-Listesi\u2019 de\u011fildir. Bu herkes taraf\u0131ndan kabul g\u00f6rmelidir ve ba\u011flay\u0131c\u0131 olmal\u0131d\u0131r. <\/span><\/span><\/span><\/span><\/p>\n<p lang=\"tr-TR\" align=\"justify\"><span style=\"font-family: Calibri,sans-serif;\"><span style=\"font-size: medium;\">Bunun i\u00e7in somut olarak:<\/span><\/span><\/p>\n<ul>\n<li>\n<p lang=\"tr-TR\" align=\"justify\"><span style=\"font-family: Calibri,sans-serif;\"><span style=\"font-size: medium;\">PKK ve di\u011fer \u00d6rg\u00fctler derhal \u201cAB-Teror-Listesi\u201dnden \u00e7\u0131kar\u0131lmal\u0131d\u0131r,<\/span><\/span><\/p>\n<\/li>\n<li>\n<p lang=\"tr-TR\" align=\"justify\"><span style=\"font-family: Calibri,sans-serif;\"><span style=\"font-size: medium;\">Hi\u00e7 kimse T\u00fcrkiye\u2019ye iade edilmemelidir. T\u00fcrkiye temel haklar\u0131 kabul etmedi\u011fi m\u00fcddet\u00e7e de aidelerin ger\u00e7ekle\u015fmesini engellemek ve zorla\u015ft\u0131rmaya \u00e7al\u0131\u015f\u0131lmal\u0131d\u0131r. T\u00fcrk-K\u00fcrt Sorunu siyasi bir \u00e7\u00f6z\u00fcme kavu\u015ftruluncaya kadar da m\u00fccadeleye devam edilmelidir.<\/span><\/span><\/p>\n<\/li>\n<li>\n<p align=\"justify\"><span style=\"font-family: Calibri,sans-serif;\"><span style=\"font-size: small;\"><span style=\"font-size: medium;\"><span lang=\"tr-TR\">Bu talepleri dile getirilen bir <\/span><\/span><span style=\"font-size: medium;\"><span lang=\"tr-TR\"><i><b>\u201cBildiri\u201d<\/b><\/i><\/span><\/span><span style=\"font-size: medium;\"><span lang=\"tr-TR\">nin haz\u0131rlanmas\u0131 ve ayr\u0131ca t\u00fcm AB(d\u0131\u015f\u0131nda da olabilir) \u00fclkelerinden gelen hukuk\u00e7ular\u0131n kat\u0131laca\u011f\u0131 bir <\/span><\/span><span style=\"font-size: medium;\"><span lang=\"tr-TR\"><i><b>\u201c\u0130mza Kampanyas\u0131\u201d<\/b><\/i><\/span><\/span><span style=\"font-size: medium;\"><span lang=\"tr-TR\">n\u0131n ba\u015flat\u0131lmal\u0131d\u0131r.<\/span><\/span><\/span><\/span><\/p>\n<\/li>\n<\/ul>\n<p lang=\"tr-TR\" align=\"justify\"><span style=\"font-family: Calibri,sans-serif;\"><span style=\"font-size: medium;\">\u0130talaya\u2019dan gelen hukuk\u00e7ular en k\u0131sa bir s\u00fcre i\u00e7erisinde uygun bildiri ve imza metinlerini haz\u0131rlayacaklar\u0131n\u0131 veb\u00f6ylece \u00f6n\u00fcm\u00fczdeki aylarda imzalar\u0131n toplanmas\u0131na ba\u015flanaca\u011f\u0131n\u0131, toplanan \u00f6mzalar\u0131n AB Parlementosuna verilmesine karar verildi.<\/span><\/span><\/p>\n<p align=\"justify\"><span style=\"font-family: Calibri,sans-serif;\"><span style=\"font-size: small;\"><span style=\"font-size: medium;\"><span lang=\"tr-TR\">e) Di\u011fer \u00f6nemli bir karar ise: T\u00fcrkiye\/K\u00fcrdistan\u2019daki K\u00fcrt hukuk\u00e7ularla s\u0131k\u0131 bir ili\u015fki a\u011f\u0131n\u0131n kurulmas\u0131d\u0131r. Onlarla ortak bir \u00e7a\u015f\u0131lmay\u0131 y\u00fcr\u00fctmek i\u00e7in bir <\/span><\/span><span style=\"font-size: medium;\"><span lang=\"tr-TR\"><i><b>\u201cKoordinasyon B\u00fcrosu\u201d<\/b><\/i><\/span><\/span><span style=\"font-size: medium;\"><span lang=\"tr-TR\">na ihtiya\u00e7 duyulmas\u0131d\u0131r.<\/span><\/span><\/span><\/span><\/p>\n<p align=\"justify\"><span style=\"font-family: Calibri,sans-serif;\"><span style=\"font-size: small;\"><span style=\"font-size: medium;\"><span lang=\"tr-TR\">AB Hukuku Mevzuat\u0131na g\u00f6re AB-Teror-Listesi\u2019ne kar\u015f\u0131 ancak her \u00fclkedeki barolar hukuk m\u00fccadelesi verebilirler. Yine bu \u00e7ercevede her \u00fclkede Ceza, \u0130ltica ve \u0130dari Hukuk alan\u0131nda uzman hukuk\u00e7ulardan da olu\u015fan \u201c\u00c7al\u0131\u015fma Gruplar\u0131\u201dn\u0131n olu\u015fturulmas\u0131 m\u00fcmk\u00fcn olabilir. Burada \u00f6nemli olan; \u201cAB-Teror-Listesi\u201dne dayal\u0131 <\/span><\/span><span style=\"font-size: medium;\"><span lang=\"tr-TR\"><b>\u201cgizli bilgiler\u201d<\/b><\/span><\/span><span style=\"font-size: medium;\"><span lang=\"tr-TR\">e ula\u015fmak ve onlar\u0131 derleyip hukuki olarak kullanmakt\u0131r.<\/span><\/span><\/span><\/span><\/p>\n<p lang=\"tr-TR\" align=\"justify\"><span style=\"font-family: Calibri,sans-serif;\"><span style=\"font-size: medium;\">Yine \u201cAB-Teror-Listesi\u201dni lgilendiren konular hakk\u0131nda T\u00fcrkiye\u2019deki hukuk\u00e7ularla ortak \u00e7al\u0131\u015fma esas al\u0131nmal\u0131d\u0131r. Ayr\u0131ca bu listede yer di\u011fer \u00d6rg\u00fctlerlede ili\u015fkilenmek \u00f6nemli olacakt\u0131r.<\/span><\/span><\/p>\n<p align=\"justify\"><span style=\"font-family: Calibri,sans-serif;\"><span style=\"font-size: small;\"><span style=\"font-size: medium;\"><span lang=\"tr-TR\">f) Lizabon Anla\u015fma \u00e7ercevesinde yap\u0131lan d\u00fczenlemelere g\u00f6re ceza hukuku alan\u0131nda sertle\u015fmenin olmas\u0131 beklenmektedir. Bunda hareketle su\u00e7lular\u0131n haklar\u0131n\u0131 daha iyi savunmak i\u00e7in A\u0130HM\u2019e (Avrupa \u0130nsan Haklar\u0131 Mahkemesi) sunulmak \u00fczere ortak <\/span><\/span><span style=\"font-size: medium;\"><span lang=\"tr-TR\"><i><b>\u201cToplu \u015eikayet\u201d<\/b><\/i><\/span><\/span><span style=\"font-size: medium;\"><span lang=\"tr-TR\"> veya <\/span><\/span><span style=\"font-size: medium;\"><span lang=\"tr-TR\"><i><b>\u201cBilirki\u015fi Raporlar\u0131\u201d<\/b><\/i><\/span><\/span><span style=\"font-size: medium;\"><span lang=\"tr-TR\">n\u0131n haz\u0131rlanmas\u0131 \u00f6nemli olmaktad\u0131r. Ancak ortak bir savunma ile hukuk m\u00fccadelesini vermek daha anlaml\u0131 olacakt\u0131r. Bunun i\u00e7in konunun uzman\u0131 hukuk\u00e7ular\u0131n haz\u0131rlayacaklar\u0131 <\/span><\/span><span style=\"font-size: medium;\"><span lang=\"tr-TR\"><i><b>\u201cBilirki\u015fi Raporlar\u0131\u201d<\/b><\/i><\/span><\/span><span style=\"font-size: medium;\"><span lang=\"tr-TR\"> \u00e7ok \u00f6nemli olacakt\u0131r.<\/span><\/span><\/span><\/span><\/p>\n<p align=\"justify\"><span style=\"font-family: Calibri,sans-serif;\"><span style=\"font-size: small;\"><span style=\"font-size: medium;\"><span lang=\"tr-TR\">Fransa\u2019dan gelen hukuk\u00e7ular \u015fuan 20 \u00fczerinde PKK davas\u0131 ile ilgilendiklerini belirttiler. Bu y\u00fczden K\u00fcrtleri kriminalize edilmesine kar\u015f\u0131 haz\u0131rlanm\u0131\u015f <\/span><\/span><span style=\"font-size: medium;\"><span lang=\"tr-TR\"><b>\u201cBilirki\u015fi Raporlar\u0131\u201d<\/b><\/span><\/span><span style=\"font-size: medium;\"><span lang=\"tr-TR\">n\u0131n kendileri i\u00e7in mahkemelerde kullanmak \u00e7ok \u00f6nemli oldu\u011funun alt\u0131n\u0131 \u00e7izdiler. \u0130mza kampanyalar\u0131n\u0131nda ayn\u0131 derece etkili olaca\u011f\u0131n\u0131da belirttiler.<\/span><\/span><\/span><\/span><\/p>\n<p align=\"justify\"><span style=\"font-family: Calibri,sans-serif;\"><span style=\"font-size: small;\"><span style=\"font-size: medium;\"><span lang=\"tr-TR\">g) Aralar\u0131nda bilgi al\u0131\u015f-veri\u015finin s\u00fcreklile\u015ftirilmesi i\u00e7in bu koneferansa benzer toplant\u0131lar\u0131n enaz\u0131ndan <\/span><\/span><span style=\"font-size: medium;\"><span lang=\"tr-TR\"><b>\u201cSenelik\u201d<\/b><\/span><\/span><span style=\"font-size: medium;\"><span lang=\"tr-TR\"> olarak yap\u0131lmas\u0131 \u00f6nemlidir.<\/span><\/span><\/span><\/span><\/p>\n<p lang=\"tr-TR\" align=\"justify\"><span style=\"font-family: Calibri,sans-serif;\"><span style=\"font-size: medium;\">K\u00fcrtleri ilgilendiren \u00f6nemli ve ilgin\u00e7 mahkeme kararlar\u0131n\u0131n(\u00f6rne\u011fin ROJ TV davas\u0131) toplan\u0131lmas\u0131, hukuk\u00e7ular\u0131n bunlar\u0131 kendi aralar\u0131nda payla\u015fmalar\u0131 ve ortak kararlar almalar\u0131na imkan tan\u0131nmas\u0131 \u00f6nemlidir. Bunun i\u00e7in Email Haberle\u015fme Listesi olu\u015fturulmal\u0131d\u0131r.<\/span><\/span><\/p>\n<p lang=\"tr-TR\" align=\"justify\"><span style=\"font-family: Calibri,sans-serif;\"><span style=\"font-size: medium;\">h) Bir \u00e7ok hukuk\u00e7uya \u015fu iyice a\u00e7\u0131klanmal\u0131d\u0131r, ki PKK \/ KONGRA-GEL haks\u0131z bir yere \u201cAB-Teror-Listesi\u201dde bukunmaktad\u0131r. Bu y\u00fczden bu konferansa kat\u0131lan t\u00fcm hukuk\u00e7ulardan, ki \u00f6zelliklede gen\u00e7 hukuk\u00e7ulardan beklenen, onlar\u0131n \u00fclkelerinde meslekta\u015flar\u0131na bunu s\u00f6ylemeleri ve \u00d6rg\u00fctlerin listeden \u00e7\u0131kar\u0131lmas\u0131 i\u00e7in \u00e7al\u0131\u015fmalar\u0131n\u0131 sa\u011flamakt\u0131r.<\/span><\/span><\/p>\n<p align=\"justify\">\u201c<span style=\"font-family: Calibri,sans-serif;\"><span style=\"font-size: small;\"><span style=\"font-size: medium;\"><span lang=\"tr-TR\">AB-Teror-Listesi\u201d ba\u015fl\u0131 ba\u015f\u0131na elea al\u0131nmal\u0131d\u0131r.\u00c7\u00fcnk\u00fc siyasi m\u00fccadele veren \u00d6rg\u00fctlere kar\u015f\u0131 bu liste s\u00fcrekli politik bir bask\u0131 arac\u0131 olarak kullan\u0131lacakt\u0131r. Burada dikkat edilmesi gereken \u00f6nemli bir husus ise listede ad\u0131 ge\u00e7en \u00f6rg\u00fctlerin birbirilerine kar\u015f\u0131 <\/span><\/span><span style=\"font-size: medium;\"><span lang=\"tr-TR\"><i>\u201ckullan\u0131lma\u201d<\/i><\/span><\/span><span style=\"font-size: medium;\"><span lang=\"tr-TR\">s\u0131n\u0131n \u00f6n\u00fcne ge\u00e7mek olmal\u0131d\u0131r.<\/span><\/span><\/span><\/span><\/p>\n<p align=\"justify\"><span style=\"font-family: Calibri,sans-serif;\"><span style=\"font-size: small;\"><span style=\"font-size: medium;\"><span lang=\"tr-TR\">i) <\/span><\/span><span style=\"font-size: medium;\"><span lang=\"tr-TR\"><b>Kamuoyu \u00c7al\u0131\u015fmas\u0131<\/b><\/span><\/span><span style=\"font-size: medium;\"><span lang=\"tr-TR\"> art\u0131r\u0131lmal\u0131d\u0131r.<\/span><\/span><\/span><\/span><\/p>\n<p lang=\"tr-TR\" align=\"justify\"><span style=\"font-family: Calibri,sans-serif;\"><span style=\"font-size: medium;\">j) \u201cAB-Teror-Listesi\u201dne kar\u015f\u0131 \u00f6zg\u00fcrl\u00fck ve direni\u015f m\u00fccadelesi veren \u00d6rg\u00fctlerden olu\u015fan Russell-Tribunale benzer bir \u201cMahkeme &#8211; Tribunal\u201din 2010 da haz\u0131rl\u0131klar\u0131na ba\u015flan\u0131lmas\u0131. <\/span><\/span><\/p>\n","protected":false},"excerpt":{"rendered":"<p>I.Uluslararas\u0131 Hukuk Konferans\u0131 K\u00fcrtlerin \u00f6zg\u00fcl\u00fcnde \u201cAvrupa Hukukunda Uygulamalar \/ Anti-Teror-M\u00fccadelesi \u201d 27-29 Kas\u0131m 2009 \/ Bonn Al\u0131nan baz\u0131 kararlar\u0131n k\u0131sa \u00f6zetleri: 29 Kas\u0131m 2009: Kar\u015f\u0131t Bir Strateji \u0130\u00e7in Siyasi-Hukuki Perspektifler<\/p>\n","protected":false},"author":2,"featured_media":0,"comment_status":"open","ping_status":"open","sticky":false,"template":"","format":"standard","meta":{"footnotes":""},"categories":[44],"tags":[],"class_list":{"1":"post","2":"type-post","3":"status-publish","4":"format-standard","5":"hentry","6":"category-sempozyum-konferanslar"},"_links":{"self":[{"href":"http:\/\/www.mafdad.org\/index.php?rest_route=\/wp\/v2\/posts\/3253","targetHints":{"allow":["GET"]}}],"collection":[{"href":"http:\/\/www.mafdad.org\/index.php?rest_route=\/wp\/v2\/posts"}],"about":[{"href":"http:\/\/www.mafdad.org\/index.php?rest_route=\/wp\/v2\/types\/post"}],"author":[{"embeddable":true,"href":"http:\/\/www.mafdad.org\/index.php?rest_route=\/wp\/v2\/users\/2"}],"replies":[{"embeddable":true,"href":"http:\/\/www.mafdad.org\/index.php?rest_route=%2Fwp%2Fv2%2Fcomments&post=3253"}],"version-history":[{"count":0,"href":"http:\/\/www.mafdad.org\/index.php?rest_route=\/wp\/v2\/posts\/3253\/revisions"}],"wp:attachment":[{"href":"http:\/\/www.mafdad.org\/index.php?rest_route=%2Fwp%2Fv2%2Fmedia&parent=3253"}],"wp:term":[{"taxonomy":"category","embeddable":true,"href":"http:\/\/www.mafdad.org\/index.php?rest_route=%2Fwp%2Fv2%2Fcategories&post=3253"},{"taxonomy":"post_tag","embeddable":true,"href":"http:\/\/www.mafdad.org\/index.php?rest_route=%2Fwp%2Fv2%2Ftags&post=3253"}],"curies":[{"name":"wp","href":"https:\/\/api.w.org\/{rel}","templated":true}]}}