{"id":3237,"date":"2015-07-23T00:28:01","date_gmt":"2015-07-22T22:28:01","guid":{"rendered":"http:www.mafdad.org\/?p=3237"},"modified":"2015-07-23T00:28:01","modified_gmt":"2015-07-22T22:28:01","slug":"basin-aciklamasi","status":"publish","type":"post","link":"http:\/\/www.mafdad.org\/?p=3237","title":{"rendered":"BASIN A\u00c7IKLAMASI"},"content":{"rendered":"<p class=\"western\" align=\"justify\">23 Temmuz 2015<\/p>\n<p class=\"western\" align=\"justify\">15 \u015eubat 1999 tarihinden bu yana, kesintisiz olarak \u0130mral\u0131 Ada Hapishanesinde tutulan Say\u0131n Abdullah \u00d6calan, 27 Temmuz 2011 tarihinden bu yana avukatlar\u0131yla g\u00f6r\u00fc\u015ft\u00fcr\u00fclmemektedir. Ayn\u0131 \u015fekilde 6 Ekim 2014 tarihinden itibaren aile bireyleriyle g\u00f6r\u00fc\u015fmesine izin verilmemekte, kendisini son olarak 5 Nisan 2015 tarihinde g\u00f6ren HDP heyetinden bu yana ko\u015fullar\u0131 ve sa\u011fl\u0131\u011f\u0131 hakk\u0131nda da bilgi al\u0131namamaktad\u0131r.<\/p>\n<p class=\"western\" align=\"justify\">Avukatlar\u0131n ve aile bireylerinin g\u00f6r\u00fc\u015fme taleplerine ise 4 y\u0131ld\u0131r benzer cevaplar verilmektedir. &#8218;Hava muhalefeti&#8216; ve ya &#8218;Koster bozuk&#8217;lu\u011fu insan akl\u0131yla alay edilircesine bunca y\u0131ld\u0131r tekrar edilen gerek\u00e7eler olmaktad\u0131r. Oysa ki T\u00fcrk h\u00fck\u00fcmeti ad\u0131na Tayyip Erdo\u011fan ve Adalet Bakanl\u0131\u011f\u0131, 2011 y\u0131l\u0131nda avukat g\u00f6r\u00fc\u015f\u00fcne hi\u00e7 bir hukuki dayanak g\u00f6sterme zahmetine katlanmadan, izin vermeyeceklerini defalarca kamuoyuna a\u00e7\u0131klam\u0131\u015flard\u0131r.<\/p>\n<p class=\"western\" align=\"justify\">Say\u0131n \u00d6calan ile ayn\u0131 cezaevinde bulunan di\u011fer h\u00fck\u00fcml\u00fcler de benzer kaderi payla\u015fmaktad\u0131rlar. \u0130\u00e7 hukukta ve Avrupa \u0130nsan Haklar\u0131 Mahkemesi&#8217;nde devam eden davalar\u0131 ve haklar\u0131nda a\u00e7\u0131lan disiplin soru\u015fturmalar\u0131na avukatlar, m\u00fcvekkillerinin g\u00f6r\u00fc\u015flerini, taleplerini alamadan cevap vermek zorunda kalmaktad\u0131rlar. Savunma hakk\u0131n\u0131n ve savunma g\u00f6revinin uygulanma olana\u011f\u0131 fiilen ortadan kald\u0131r\u0131lmaktad\u0131r. Hukuktan ar\u0131nd\u0131r\u0131lm\u0131\u015f bir ada hapishanesi olan \u0130mral\u0131 i\u00e7in ge\u00e7erli, etkili ve a\u00e7\u0131k bir hukuki yol bulunmamaktad\u0131r. T\u00fcrkiye&#8217;de geri ve eksik de olsa mevcut yasalar bile, \u0130mral\u0131&#8217;da ge\u00e7ersiz say\u0131lmakta, uygulanmamaktad\u0131r.<\/p>\n<p class=\"western\" align=\"justify\">\u0130mral\u0131 Ada Hapishanesi&#8217;nde 16 y\u0131ld\u0131r uygulanan ola\u011fan\u00fcst\u00fc hal rejimi, ad\u0131m ad\u0131m T\u00fcrkiye&#8217;nin her alan\u0131nda da etkisini g\u00f6stermi\u015f, otoriter rejim yerle\u015fmi\u015f ve kal\u0131c\u0131 hale getirilmi\u015ftir. \u0130mral\u0131 Ada hapishanesi, hukuksuzlu\u011fun ve zulm\u00fcn sembollerinden Guantanamo&#8217;nun \u00f6nc\u00fcl\u00fc bir uygulama olarak, halen de varl\u0131\u011f\u0131n\u0131 devam etirmektedir.<\/p>\n<p class=\"western\" align=\"justify\">Avrupa&#8217;da ya\u015fayan hukukcular ve insan haklar\u0131 savunucular\u0131 olarak 4 y\u0131ld\u0131r kesintisiz devam eden savunma hakk\u0131 engelini, en temel insan hakk\u0131 ihlali olarak g\u00f6r\u00fcyor, \u00d6calan&#8217;\u0131n ve di\u011fer tutsaklar\u0131n aile ve avukatlar\u0131yla g\u00f6r\u00fc\u015fme yasa\u011f\u0131ndan vazge\u00e7ilmesini talep ediyoruz. 16 y\u0131ld\u0131r devam eden tecritin i\u015fkence ve k\u00f6t\u00fc muamele s\u0131n\u0131rlar\u0131n\u0131 a\u015ft\u0131\u011f\u0131n\u0131 da ifade ederek buna acilen son verilmesini istiyoruz.<\/p>\n<p class=\"western\" align=\"justify\">Bar\u0131\u015f ve M\u00fczakere s\u00fcreciyle T\u00fcrkiye&#8217;nin tarihi K\u00fcrt sorununun \u00e7\u00f6z\u00fclmesi i\u00e7in K\u00fcrtlerin &#8218;ba\u015fm\u00fczakereci&#8216; olarak g\u00f6rd\u00fc\u011f\u00fc Say\u0131n \u00d6calan&#8217;a, bar\u0131\u015f misyonunu oynamas\u0131 i\u00e7in gerekli olanaklar\u0131n sunulmas\u0131n\u0131 T\u00fcrkiye&#8217;nin demokratikle\u015fmesi a\u00e7\u0131s\u0131ndan elzem olarak g\u00f6r\u00fcyoruz. Ba\u015fta Say\u0131n \u00d6calan olmak \u00fczere t\u00fcm politik tutsaklar\u0131n serbest b\u0131rak\u0131lmas\u0131n\u0131n T\u00fcrkiye&#8217;nin i\u00e7 bar\u0131\u015f\u0131na tarihi bir katk\u0131 sunaca\u011f\u0131 inanc\u0131n\u0131 da dile getirmek istiyoruz.<\/p>\n<p class=\"western\" align=\"justify\">Avrupal\u0131 hukuk\u00e7ular\u0131 ve insan haklar\u0131 kurumlar\u0131n\u0131, \u015fahsiyetleri bu kritik meselede duyarl\u0131 olmaya, g\u00f6r\u00fc\u015f ve tepki vermeye, K\u00fcrt halk\u0131yla da dayan\u0131\u015fmaya \u00e7a\u011f\u0131r\u0131yoruz.<\/p>\n<p class=\"western\" align=\"justify\">Heike Geisweid<\/p>\n<p class=\"western\" align=\"justify\">MAF-DAD Ba\u015fkan\u0131<\/p>\n","protected":false},"excerpt":{"rendered":"<p>23 Temmuz 2015 15 \u015eubat 1999 tarihinden bu yana, kesintisiz olarak \u0130mral\u0131 Ada Hapishanesinde tutulan Say\u0131n Abdullah \u00d6calan, 27 Temmuz 2011 tarihinden bu yana avukatlar\u0131yla g\u00f6r\u00fc\u015ft\u00fcr\u00fclmemektedir. Ayn\u0131 \u015fekilde 6 Ekim<\/p>\n","protected":false},"author":2,"featured_media":0,"comment_status":"open","ping_status":"open","sticky":false,"template":"","format":"standard","meta":{"footnotes":""},"categories":[40],"tags":[],"class_list":{"1":"post","2":"type-post","3":"status-publish","4":"format-standard","5":"hentry","6":"category-basin-aciklamalari"},"_links":{"self":[{"href":"http:\/\/www.mafdad.org\/index.php?rest_route=\/wp\/v2\/posts\/3237","targetHints":{"allow":["GET"]}}],"collection":[{"href":"http:\/\/www.mafdad.org\/index.php?rest_route=\/wp\/v2\/posts"}],"about":[{"href":"http:\/\/www.mafdad.org\/index.php?rest_route=\/wp\/v2\/types\/post"}],"author":[{"embeddable":true,"href":"http:\/\/www.mafdad.org\/index.php?rest_route=\/wp\/v2\/users\/2"}],"replies":[{"embeddable":true,"href":"http:\/\/www.mafdad.org\/index.php?rest_route=%2Fwp%2Fv2%2Fcomments&post=3237"}],"version-history":[{"count":0,"href":"http:\/\/www.mafdad.org\/index.php?rest_route=\/wp\/v2\/posts\/3237\/revisions"}],"wp:attachment":[{"href":"http:\/\/www.mafdad.org\/index.php?rest_route=%2Fwp%2Fv2%2Fmedia&parent=3237"}],"wp:term":[{"taxonomy":"category","embeddable":true,"href":"http:\/\/www.mafdad.org\/index.php?rest_route=%2Fwp%2Fv2%2Fcategories&post=3237"},{"taxonomy":"post_tag","embeddable":true,"href":"http:\/\/www.mafdad.org\/index.php?rest_route=%2Fwp%2Fv2%2Ftags&post=3237"}],"curies":[{"name":"wp","href":"https:\/\/api.w.org\/{rel}","templated":true}]}}