{"id":3235,"date":"2014-02-24T00:26:32","date_gmt":"2014-02-23T23:26:32","guid":{"rendered":"http:www.mafdad.org\/?p=3235"},"modified":"2014-02-24T00:26:32","modified_gmt":"2014-02-23T23:26:32","slug":"hasta-tutuklu-ve-hukumluler-icin-acil-cagri","status":"publish","type":"post","link":"http:\/\/www.mafdad.org\/?p=3235","title":{"rendered":"HASTA TUTUKLU VE H\u00dcK\u00dcML\u00dcLER \u0130\u00c7\u0130N AC\u0130L \u00c7A\u011eRI&#8230;"},"content":{"rendered":"<p lang=\"tr-TR\" align=\"justify\"><span style=\"font-family: Times New Roman,serif;\">24 \u015eubat 2014<\/span><\/p>\n<p lang=\"tr-TR\" align=\"justify\"><span style=\"font-family: Times New Roman,serif;\">Adalet Bakanl\u0131\u011f\u0131&#8217;n\u0131n 2 Aral\u0131k 2013 tarihli resmi verilerine g\u00f6re, 13 y\u0131lda T\u00fcrkiye cezaevlerinde 2300 tutuklu ve h\u00fck\u00fcml\u00fc ya\u015fam\u0131n\u0131 yitirmi\u015ftir. Cezaevleri, ya\u015fam hakk\u0131n\u0131n devlet g\u00f6zetiminde ortadan kald\u0131r\u0131ld\u0131\u011f\u0131 alanlar halini alm\u0131\u015ft\u0131r. <\/span><\/p>\n<p lang=\"tr-TR\" align=\"justify\"><span style=\"font-family: Times New Roman,serif;\">T\u00fcrkiye cezaevlerinde say\u0131s\u0131 her g\u00fcn giderek artan hasta tutuklu ve h\u00fck\u00fcml\u00fclerin varl\u0131\u011f\u0131, ya\u015fam hakk\u0131na y\u00f6nelik tehditin s\u00fcrd\u00fc\u011f\u00fcn\u00fc ortaya koymaktad\u0131r. \u0130nsan Haklar\u0131 Derne\u011fi ve T\u00fcrkiye \u0130nsan Haklar\u0131 Vakf\u0131&#8217;n\u0131n 2013 verilerine g\u00f6re 544 hasta tutuklu ve h\u00fck\u00fcml\u00fc tespit edilmi\u015ftir. Bunlardan 163&#8217;\u00fcn\u00fcn durumu a\u011f\u0131r olup adeta \u00f6l\u00fcm koridorunda bekletilmektedirler. <\/span><\/p>\n<p lang=\"tr-TR\" align=\"justify\"><span style=\"font-family: Times New Roman,serif;\">Hasta tutuklu ve h\u00fck\u00fcml\u00fclerin tahliyesi, Ceza \u0130nfaz Kanunu&#8217;na g\u00f6re Adli T\u0131p Kurumu&#8217;nca d\u00fczenlenen ve ya onaylanan raporlarla birlikte &#8218;toplum i\u00e7in zararl\u0131 olup olmad\u0131\u011f\u0131&#8216; gibi inan\u0131lmaz s\u00fcbjektif bir ko\u015fulla birlikte d\u00fczenlenmi\u015ftir. Adli T\u0131p Kurumu&#8217;nda rapor alma s\u00fcreci ba\u015fl\u0131 ba\u015f\u0131na i\u015fkence kapsam\u0131na girmektedir. A\u011f\u0131r i\u015fleyen b\u00fcrokrasi, zamana yayma, hastalar\u0131n ring ara\u00e7lar\u0131yla ta\u015f\u0131nmas\u0131, bu s\u00fcre\u00e7te cezaevi revirlerinde tedavi edilmesi gibi son derece y\u0131prat\u0131c\u0131 ve uzun bir s\u00fcre\u00e7 sonunda rapor verilmektedir. Bu s\u00fcre\u00e7 a\u015f\u0131lsa bile fel\u00e7li, kanser hastas\u0131, kendi ba\u015f\u0131na ya\u015fam\u0131n\u0131 idame ettiremeyecek \u015fah\u0131slar\u0131n serbest b\u0131rak\u0131lmalar\u0131 halinde &#8218;g\u00fcvenlik tehdidi&#8216; olu\u015fturacaklar\u0131na dair Cumhuriyet Savc\u0131l\u0131\u011f\u0131n\u0131n g\u00f6r\u00fc\u015f\u00fc tahliyeleri engellemektedir. <\/span><\/p>\n<p lang=\"tr-TR\" align=\"justify\"><span style=\"font-family: Times New Roman,serif;\">T\u00fcrk Cumhurba\u015fkanl\u0131\u011f\u0131 yetkisi bulunmas\u0131na ra\u011fmen bu konuya son derece duyars\u0131z yakla\u015fmaktad\u0131r. H\u00fck\u00fcmet \u00e7evreleri de Adli T\u0131p Kurumu&#8217;nun politik ve b\u00fcrokratik dokusunu gerek\u00e7e g\u00f6stererek sorumluluktan kurtulmaya \u00e7al\u0131\u015fmaktad\u0131rlar. <\/span><\/p>\n<p lang=\"tr-TR\" align=\"justify\"><span style=\"font-family: Times New Roman,serif;\">T\u00fcrk devletinin, cezaevlerinde \u00f6l\u00fcm s\u0131n\u0131r\u0131nda bulunan tutuklu ve h\u00fck\u00fcml\u00fclere yakla\u015f\u0131m\u0131, intikam amac\u0131yla hareket edildi\u011fini, hastal\u0131\u011f\u0131n ek bir cezaland\u0131rma amac\u0131yla kullan\u0131ld\u0131\u011f\u0131n\u0131 ve son tahlilde \u00f6l\u00fcm cezas\u0131n\u0131n farkl\u0131 bir d\u00fczlemde halen y\u00fcr\u00fcrl\u00fckte oldu\u011fu ger\u00e7e\u011fini g\u00f6zler \u00f6n\u00fcne sermektedir. <\/span><\/p>\n<p lang=\"tr-TR\" align=\"justify\"><span style=\"font-family: Times New Roman,serif;\">T\u00fcrkiye&#8217;nin olduk\u00e7a gergin ve yo\u011fun politik g\u00fcndeminde hasta tutuklu ve h\u00fck\u00fcmlerin durumu arka planda kalmamal\u0131, g\u00f6zard\u0131 edilmemelidir. Bu konuda daha adil bir d\u00fczenleme yap\u0131lmal\u0131 ve daha da \u00f6nemlisi h\u0131zl\u0131 pratik ad\u0131mlar at\u0131lmal\u0131, t\u00fcm hasta tutuklular serbest b\u0131rak\u0131lmal\u0131d\u0131r. <\/span><\/p>\n<p lang=\"tr-TR\" align=\"justify\"><span style=\"font-family: Times New Roman,serif;\">MAF-DAD olarak ba\u015fta insan haklar\u0131 ve hukuk kurumlar\u0131 olmak \u00fczere herkesi T\u00fcrkiye cezaevlerinde bulunan hasta tutuklu ve h\u00fck\u00fcml\u00fclerle ilgili duyarl\u0131 olmaya, T\u00fcrk h\u00fck\u00fcmeti nezdinde giri\u015fimde bulunmaya \u00e7a\u011f\u0131r\u0131yoruz. <\/span><\/p>\n<p lang=\"tr-TR\" align=\"justify\"><span style=\"font-family: Times New Roman,serif;\">Heike GE\u0130SWE\u0130D <\/span><\/p>\n<p lang=\"tr-TR\" align=\"justify\"><span style=\"font-family: Times New Roman,serif;\">MAF-DAD Ba\u015fkan\u0131<\/span><\/p>\n","protected":false},"excerpt":{"rendered":"<p>24 \u015eubat 2014 Adalet Bakanl\u0131\u011f\u0131&#8217;n\u0131n 2 Aral\u0131k 2013 tarihli resmi verilerine g\u00f6re, 13 y\u0131lda T\u00fcrkiye cezaevlerinde 2300 tutuklu ve h\u00fck\u00fcml\u00fc ya\u015fam\u0131n\u0131 yitirmi\u015ftir. Cezaevleri, ya\u015fam hakk\u0131n\u0131n devlet g\u00f6zetiminde ortadan kald\u0131r\u0131ld\u0131\u011f\u0131 alanlar<\/p>\n","protected":false},"author":2,"featured_media":0,"comment_status":"open","ping_status":"open","sticky":false,"template":"","format":"standard","meta":{"footnotes":""},"categories":[50],"tags":[],"class_list":{"1":"post","2":"type-post","3":"status-publish","4":"format-standard","5":"hentry","6":"category-uncategorized-tr"},"_links":{"self":[{"href":"http:\/\/www.mafdad.org\/index.php?rest_route=\/wp\/v2\/posts\/3235","targetHints":{"allow":["GET"]}}],"collection":[{"href":"http:\/\/www.mafdad.org\/index.php?rest_route=\/wp\/v2\/posts"}],"about":[{"href":"http:\/\/www.mafdad.org\/index.php?rest_route=\/wp\/v2\/types\/post"}],"author":[{"embeddable":true,"href":"http:\/\/www.mafdad.org\/index.php?rest_route=\/wp\/v2\/users\/2"}],"replies":[{"embeddable":true,"href":"http:\/\/www.mafdad.org\/index.php?rest_route=%2Fwp%2Fv2%2Fcomments&post=3235"}],"version-history":[{"count":0,"href":"http:\/\/www.mafdad.org\/index.php?rest_route=\/wp\/v2\/posts\/3235\/revisions"}],"wp:attachment":[{"href":"http:\/\/www.mafdad.org\/index.php?rest_route=%2Fwp%2Fv2%2Fmedia&parent=3235"}],"wp:term":[{"taxonomy":"category","embeddable":true,"href":"http:\/\/www.mafdad.org\/index.php?rest_route=%2Fwp%2Fv2%2Fcategories&post=3235"},{"taxonomy":"post_tag","embeddable":true,"href":"http:\/\/www.mafdad.org\/index.php?rest_route=%2Fwp%2Fv2%2Ftags&post=3235"}],"curies":[{"name":"wp","href":"https:\/\/api.w.org\/{rel}","templated":true}]}}