{"id":3233,"date":"2015-11-28T00:24:45","date_gmt":"2015-11-27T23:24:45","guid":{"rendered":"http:www.mafdad.org\/?p=3233"},"modified":"2024-12-26T10:01:28","modified_gmt":"2024-12-26T09:01:28","slug":"diyarbakir-baro-baskani-tahir-elci-katledildi","status":"publish","type":"post","link":"http:\/\/www.mafdad.org\/?p=3233","title":{"rendered":"D\u0130YARBAKIR BARO BA\u015eKANI TAH\u0130R EL\u00c7\u0130 KATLED\u0130LD\u0130 !"},"content":{"rendered":"<p class=\"western\" align=\"justify\">K\u00f6ln, 28 Kas\u0131m 2015<\/p>\n<p class=\"western\" align=\"justify\">Diyarbak\u0131r Baro Ba\u015fkan\u0131 Tahir El\u00e7i, 28 Kas\u0131m 2015 tarihinde u\u011frad\u0131\u011f\u0131 suikast sonucu katledilmi\u015ftir. \u0130nsan haklar\u0131 savunucusu, de\u011ferli hukuk\u00e7u Tahir El\u00e7i&#8217;nin katledilmesinden dolay\u0131 b\u00fcy\u00fck bir \u00fcz\u00fcnt\u00fc i\u00e7indeyiz.<\/p>\n<p class=\"western\" align=\"justify\">Tahir el\u00e7i&#8217;nin katledilmesinin anl\u0131k bir olay olmad\u0131\u011f\u0131n\u0131 bir s\u00fcrecin sonucunda geli\u015fti\u011fini, konuyu yak\u0131ndan izleyenler olarak biliyoruz. Tahir El\u00e7i, bir TV program\u0131nda &#8218;PKK, ter\u00f6r \u00f6rg\u00fct\u00fc de\u011fildir&#8216; dedi\u011fi i\u00e7in hakk\u0131nda bir lin\u00e7 kampanyas\u0131 ba\u015flat\u0131lm\u0131\u015f ve 20 Ekim 2015 tarihinde gece yar\u0131s\u0131 baro binas\u0131ndan g\u00f6zalt\u0131na al\u0131nm\u0131\u015f, tutuklanma talebiyle sevkedildi\u011fi hakimlik sorgusundan sonra yurtd\u0131\u015f\u0131 yasa\u011f\u0131 konularak serbest b\u0131rak\u0131lm\u0131\u015ft\u0131.<\/p>\n<p class=\"western\" align=\"justify\">\u0130ddianamesi ola\u011fan\u00fcst\u00fc bir h\u0131zla a\u00e7\u0131lm\u0131\u015f ve sadece g\u00f6r\u00fc\u015flerini ifade etti\u011fi i\u00e7in hakk\u0131nda 7.5 y\u0131l ceza istenilmi\u015fti. Ya\u015fad\u0131\u011f\u0131 bu s\u00fcre\u00e7 i\u00e7inde \u00e7ok say\u0131da tehdit mesaj\u0131 ald\u0131\u011f\u0131n\u0131, \u00f6l\u00fcmle tehdit edildi\u011fini bizzat kendisi taraf\u0131nda kamuoyuna duyurulmu\u015ftu.<\/p>\n<p class=\"western\" align=\"justify\">Tahir El\u00e7i, \u00f6nce &#8218;ki\u015filik ve onur katli&#8217;ne maruz kalm\u0131\u015f ve sonra da fiziki olarak katledilmi\u015ftir. T\u00fcrkiye&#8217;li ayd\u0131nlar ve hukuk\u00e7ular\u0131n bu cinayeti Hrant Dink cinayeti ile k\u0131yaslamalar\u0131 bu a\u00e7\u0131dan raslant\u0131 de\u011fildir. Her iki \u015fahsiyet de \u00f6nce hedef haline getirilmi\u015f, sonra da katledilmi\u015ftir.<\/p>\n<p class=\"western\" align=\"justify\">Bu cinayetin arkas\u0131nda her g\u00fcn daha fazla otoriterle\u015fen ve \u015fiddete dayal\u0131 bir sistemi \u00f6ren AKP rejiminin oldu\u011fu a\u00e7\u0131kt\u0131r. Bu cinayet insan haklar\u0131 m\u00fccadelesine, hukuk m\u00fccadelesine ve bar\u0131\u015f ve demokrasi isteyenlere kar\u015f\u0131 yap\u0131lm\u0131\u015f bir sald\u0131r\u0131d\u0131r. Maalesef T\u00fcrkiye bu cinayetin ard\u0131ndan \u00e7ok daha g\u00fcvenliksiz bir hale gelmi\u015f, \u00e7ok daha derin bir kaosa s\u00fcr\u00fcklenmi\u015ftir.<\/p>\n<p class=\"western\" align=\"justify\">Tahir El\u00e7i&#8217;nin katledilmesini k\u0131n\u0131yoruz, sorumlular\u0131n a\u00e7\u0131\u011fa \u00e7\u0131kar\u0131lmas\u0131 i\u00e7in adil ve ba\u011f\u0131ms\u0131z bir soru\u015fturman\u0131n yap\u0131lmas\u0131n\u0131 talep ediyoruz. T\u00fcm hukuk\u00e7ular\u0131, hukuk kurumlar\u0131n\u0131, insan haklar\u0131 savunucular\u0131n\u0131 bu cinayet kar\u015f\u0131s\u0131nda tav\u0131r almaya, cinayetin a\u00e7\u0131\u011fa \u00e7\u0131kar\u0131lmas\u0131 s\u00fcrecini takibe \u00e7a\u011f\u0131r\u0131yoruz.<\/p>\n<p class=\"western\" align=\"justify\"><strong>MAF-DAD Y\u00d6NET\u0130M KURULU<\/strong><\/p>\n","protected":false},"excerpt":{"rendered":"<p>K\u00f6ln, 28 Kas\u0131m 2015 Diyarbak\u0131r Baro Ba\u015fkan\u0131 Tahir El\u00e7i, 28 Kas\u0131m 2015 tarihinde u\u011frad\u0131\u011f\u0131 suikast sonucu katledilmi\u015ftir. \u0130nsan haklar\u0131 savunucusu, de\u011ferli hukuk\u00e7u Tahir El\u00e7i&#8217;nin katledilmesinden dolay\u0131 b\u00fcy\u00fck bir \u00fcz\u00fcnt\u00fc i\u00e7indeyiz.<\/p>\n","protected":false},"author":2,"featured_media":0,"comment_status":"closed","ping_status":"open","sticky":false,"template":"","format":"standard","meta":{"footnotes":""},"categories":[107,131],"tags":[],"class_list":{"1":"post","2":"type-post","3":"status-publish","4":"format-standard","5":"hentry","6":"category-allgemein-de","7":"category-basin-aciklamalari-de"},"_links":{"self":[{"href":"http:\/\/www.mafdad.org\/index.php?rest_route=\/wp\/v2\/posts\/3233","targetHints":{"allow":["GET"]}}],"collection":[{"href":"http:\/\/www.mafdad.org\/index.php?rest_route=\/wp\/v2\/posts"}],"about":[{"href":"http:\/\/www.mafdad.org\/index.php?rest_route=\/wp\/v2\/types\/post"}],"author":[{"embeddable":true,"href":"http:\/\/www.mafdad.org\/index.php?rest_route=\/wp\/v2\/users\/2"}],"replies":[{"embeddable":true,"href":"http:\/\/www.mafdad.org\/index.php?rest_route=%2Fwp%2Fv2%2Fcomments&post=3233"}],"version-history":[{"count":1,"href":"http:\/\/www.mafdad.org\/index.php?rest_route=\/wp\/v2\/posts\/3233\/revisions"}],"predecessor-version":[{"id":3825,"href":"http:\/\/www.mafdad.org\/index.php?rest_route=\/wp\/v2\/posts\/3233\/revisions\/3825"}],"wp:attachment":[{"href":"http:\/\/www.mafdad.org\/index.php?rest_route=%2Fwp%2Fv2%2Fmedia&parent=3233"}],"wp:term":[{"taxonomy":"category","embeddable":true,"href":"http:\/\/www.mafdad.org\/index.php?rest_route=%2Fwp%2Fv2%2Fcategories&post=3233"},{"taxonomy":"post_tag","embeddable":true,"href":"http:\/\/www.mafdad.org\/index.php?rest_route=%2Fwp%2Fv2%2Ftags&post=3233"}],"curies":[{"name":"wp","href":"https:\/\/api.w.org\/{rel}","templated":true}]}}