{"id":3231,"date":"2012-10-22T00:22:43","date_gmt":"2012-10-21T22:22:43","guid":{"rendered":"http:www.mafdad.org\/?p=3231"},"modified":"2012-10-22T00:22:43","modified_gmt":"2012-10-21T22:22:43","slug":"kopenhag-turk-kriterleri","status":"publish","type":"post","link":"http:\/\/www.mafdad.org\/?p=3231","title":{"rendered":"KOPENHAG  &#8218;T\u00dcRK&#8216; KR\u0130TERLER\u0130"},"content":{"rendered":"<p class=\"western\" lang=\"tr-TR\" align=\"justify\">Danimarka&#8217;da 18 Eyl\u00fcl 2012 tarihinde 8 K\u00fcrd\u00fcn g\u00f6zalt\u0131na al\u0131nmas\u0131 ve sonras\u0131nda ya\u015fanan geli\u015fmeler K\u00fcrt bas\u0131n\u0131nda haketti\u011fi yeri bulamad\u0131. Oysa Danimarka polisi bir bas\u0131n toplant\u0131s\u0131yla bu g\u00f6zalt\u0131lar\u0131, bas\u0131n ve kamuoyuna bir ba\u015far\u0131 \u00f6yk\u00fcs\u00fc olarak sundu. \u0130\u015fin asl\u0131n\u0131 ara\u015ft\u0131ran, K\u00fcrt toplumunun bu olay kar\u015f\u0131s\u0131nda neler ya\u015fad\u0131\u011f\u0131na d\u00f6n\u00fcp bakan olmad\u0131 O cenahta. S\u00f6ylemeye gerek yok zaten, T\u00fcrk bas\u0131n\u0131n\u0131n &#8218;etekleri zil \u00e7al\u0131yor&#8217;du.<\/p>\n<p class=\"western\" lang=\"tr-TR\" align=\"justify\">Bu \u00fclkede bir s\u00fcredir vukubulan olaylar\u0131n \u00fczerinde ciddiyetle durulmas\u0131 laz\u0131m. Ya\u015fananlar\u0131n yeni ve ilk oldu\u011funu iddia etmiyorum aksine ba\u015fka baz\u0131 \u00fclkelerde de denenmi\u015f bir takvim burada da y\u00fcr\u00fcrl\u00fc\u011fe konuluyor. Kopenhag&#8217;a k\u0131sa bir ziyarette yapt\u0131\u011f\u0131m g\u00f6zlemler K\u00fcrt toplumuna y\u00f6nelik NATO&#8217;nun karar\u0131, Danimarka ve T\u00fcrk g\u00fc\u00e7lerinin ortak y\u00fcr\u00fctt\u00fc\u011f\u00fc sald\u0131r\u0131n\u0131n geldi\u011fi noktay\u0131 anlamama yol a\u00e7t\u0131.<\/p>\n<p class=\"western\" lang=\"tr-TR\" align=\"justify\">Konuya a\u00e7\u0131kl\u0131k getirmeden, ba\u015fta \u015funu ifade etmem gerekiyor. Danimarka&#8217;da ki K\u00fcrt toplumu \u00f6zellikle 99&#8217;dan bu yana gerek kurumsal \u00f6rg\u00fctlenmelerinde gerekse de ger\u00e7ekle\u015ftirdikleri eylem ve etkinliklerde bu g\u00fcne kadar Danimarka polisi ile herhangi bir sorun ya\u015famam\u0131\u015f, her etkinlik ba\u015fvurusu an\u0131nda kabul g\u00f6rm\u00fc\u015f, \u00fclkenin politik ve sivil kurumlar\u0131 ile ili\u015fkili ve yak\u0131n olmu\u015ftur. Toplum ve siyasal cenahtan buradaki K\u00fcrt toplumuna y\u00f6nelik herhangi bir rahats\u0131zl\u0131k ya\u015fanmam\u0131\u015ft\u0131r.<\/p>\n<p class=\"western\" lang=\"tr-TR\" align=\"justify\"><span style=\"font-size: small;\"><b>SALDIRININ BA\u015eLANGICI ROJ TV DAVASI<\/b><\/span><\/p>\n<p class=\"western\" lang=\"tr-TR\" align=\"justify\">Sald\u0131r\u0131 konseptinin ba\u015flang\u0131c\u0131n\u0131 bilindi\u011fi gibi ROJ TV&#8217;ye y\u00f6nelik a\u00e7\u0131lan dava olu\u015fturuyor. Bu davan\u0131n nas\u0131l bir siyasal iklim i\u00e7inde ba\u015flad\u0131\u011f\u0131n\u0131 zaten Wikileaks belgeleri yeterince izah ediyor. Hem ROJ TV&#8217;ye y\u00f6nelik kapatma davas\u0131n\u0131n iddianamesi hem de bu davan\u0131n pratik y\u00fcr\u00fct\u00fclme bi\u00e7imi, T\u00fcrkiye&#8217;nin verdi\u011fi ve i\u015faret etti\u011fi konulara odaklanmas\u0131, &#8218;itiraf\u00e7\u0131lar\u0131&#8216; bir hukuki mekanizmaym\u0131\u015f(!) gibi i\u015fin merkezine oturtmas\u0131 ve daha pek \u00e7ok olgu asl\u0131nda T\u00fcrk bak\u0131\u015f\u0131n\u0131n savc\u0131l\u0131k makam\u0131nda oturdu\u011funu ve bilfiili bu davay\u0131 ba\u015ftan sonra y\u00fcr\u00fctt\u00fc\u011f\u00fcn\u00fc ortaya koymaktayd\u0131. Sadece politik ve ekonomik boyutuyla de\u011fil ayn\u0131 zamanda adli olarak da T\u00fcrk devleti bu sald\u0131r\u0131 konseptinin merkezine oturmu\u015f durumda.<\/p>\n<p class=\"western\" lang=\"tr-TR\" align=\"justify\">ROJ TV ve sonras\u0131nda olas\u0131 t\u00fcm hukuki sald\u0131r\u0131lara zemin haz\u0131rlanmas\u0131 i\u00e7in \u00f6ncelikle olan bitenin &#8218;ter\u00f6r&#8216; eksenine oturtulmas\u0131 gerekiyordu. Yasalara g\u00f6re mahkeme, ter\u00f6r \u00f6rg\u00fct\u00fc olup olmad\u0131\u011f\u0131na kendisi karar vermeliydi. Bu durum ROJ TV davas\u0131n\u0131n ba\u015flang\u0131c\u0131nda \u00e7abucak karara ba\u011fland\u0131. Danimarka \u0130stihbarat\u0131n\u0131n bir &#8218;uzman\u0131&#8217;na haz\u0131rlat\u0131lan raporla K\u00fcrt siyasal hareketi &#8218;ter\u00f6r&#8216; ile yaftaland\u0131. Bir \u015fehir mahkemesi, bir gizli servis raporuna dayanarak 30 y\u0131l a\u015fan bir politik m\u00fccadeleyi, K\u00fcrt halk\u0131n\u0131n ve siyasetinin g\u00f6r\u00fc\u015flerine ba\u015fvurmadan, ter\u00f6r \u00f6rg\u00fct\u00fc olarak tan\u0131mlama hakk\u0131n\u0131 kendisinde bulabildi. Ve TV davas\u0131 da zaten bu olgu \u00fczerine yerle\u015ftirilmi\u015f ve propaganda yapt\u0131\u011f\u0131na h\u00fckmedilerek para cezas\u0131na mahkum edilmi\u015fti. Dava \u015fu an temyiz vesilesiyle Eyalet Mahkemesinde g\u00f6r\u00fclemeye devam ediliyor.<\/p>\n<p class=\"western\" lang=\"tr-TR\" align=\"justify\"><span style=\"font-size: small;\"><b>YEN\u0130 B\u0130R SU\u00c7 T\u0130P YARATILIYOR<\/b><\/span><\/p>\n<p class=\"western\" lang=\"tr-TR\" align=\"justify\">Bu ilk ana ad\u0131mdan hemen sonra, bu \u00fclkede tan\u0131nan, sevilen, i\u015f ve sosyal ya\u015famda bilinen \u015fahsiyetler\u0130n ev ve i\u015fyerlerine bask\u0131n d\u00fczenleyerek 8 K\u00fcrt \u015fahsiyeti g\u00f6zalt\u0131na al\u0131n\u0131yor. G\u00f6zalt\u0131na al\u0131nma gerek\u00e7esi de \u015fu; &#8218;Ter\u00f6r \u00d6rg\u00fct\u00fc&#8216; olarak tan\u0131mlanan PKK&#8217;nin propagandas\u0131n\u0131 yapt\u0131\u011f\u0131 iddia edilen ROJ TV&#8217;ye maddi yard\u0131m toplamak&#8230;Yani suyunun suyunun suyu misali&#8230;<\/p>\n<p class=\"western\" lang=\"tr-TR\" align=\"justify\"><a name=\"news-detail-body\"><\/a> \u0130\u015fin daha garip bir yan\u0131 da var: \u0130\u00e7erde olan \u015fahsiyetlere (isimlerini yazam\u0131yoruz \u00e7\u00fcnk\u00fc mahkeme yasa\u011f\u0131 var) y\u00f6nelik para toplama iddias\u0131 2009-2010 y\u0131llar\u0131na denk geliyor. \u0130snat edilen su\u00e7un i\u015flendi\u011fi tarihler bunlar. Ama gelin g\u00f6r\u00fcn ki bu tarihler aras\u0131nda (iddia do\u011fru olsa bile) ROJ TV hakk\u0131nda herhangi bir mahkeme karar\u0131 bulunmuyor. Defalarca Radyo Televizyon \u00dcst Kurulu&#8217;na \u015fikayet edilmi\u015f ama bu kurum her defas\u0131nda ROJ TV yay\u0131nlar\u0131nda bir su\u00e7 g\u00f6rmemi\u015ftir. Yani, para toplamay\u0131 yasad\u0131\u015f\u0131 k\u0131lan bir durum yok ortada. Danimarka lisansli bir TV&#8217;ye yard\u0131m toplanmas\u0131, iddia edilen tarihler arar\u0131s\u0131ndan gayet normal bir durum&#8230;<\/p>\n<p class=\"western\" lang=\"tr-TR\" align=\"justify\">Tabi savc\u0131l\u0131k devam ediyor, ROJ TV&#8217;ye aktar\u0131lan paran\u0131n bu kurum \u00fczerinden PKK&#8217;ye aktar\u0131ld\u0131\u011f\u0131n\u0131 da iddia ediyor. Topland\u0131\u011f\u0131 iddia edilen para miktar\u0131 g\u00fcnl\u00fck deyimle s\u00f6ylersek TV&#8217;nin &#8218;di\u015finin kovu\u011funa s\u0131\u011fm\u0131yor&#8216;. Yani toplanan paralar TV&#8217;nin y\u0131ll\u0131k giderini kar\u015f\u0131lam\u0131yor bile. Nerde kalm\u0131\u015f ki, para artacak ve PKK&#8217;ye aktar\u0131lacak. Giderler ortada, faturalar vs&#8230;<\/p>\n<p class=\"western\" lang=\"tr-TR\" align=\"justify\"><span style=\"font-size: small;\"><b>HALK MECL\u0130S\u0130 HEDEFTE<\/b><\/span><\/p>\n<p class=\"western\" lang=\"tr-TR\" align=\"justify\">Ama savc\u0131n\u0131n hayal g\u00fcc\u00fc burada durmuyor. Avrupa&#8217;da ya\u015fayan K\u00fcrtlerin yak\u0131nen bildi\u011fi, en k\u00fc\u00e7\u00fck bir taramada bile y\u00fczlerce avrupa \u015fehrinde &#8218;Halk Meclisi&#8216; ad\u0131 alt\u0131nda K\u00fcrt toplumunun sivil \u00f6rg\u00fctlenmelere gitti\u011fi g\u00f6r\u00fclebilir. Yereldeki K\u00fcrtler biraraya gelerek kendi ihtiya\u00e7lar\u0131na paralel, yerel \u00f6zg\u00fcnl\u00fcklerini de hesaba katan olu\u015fumlar\u0131na giderler. Bu kurumlar yerel otoritelerle muhatap olur, sivil kurumlarla, politik parti ve \u015fahsiyetlerle ili\u015fkiye girer, entegrasyon ve benzeri sorunlarla u\u011fra\u015f\u0131r, K\u00fcrt dili ve k\u00fclt\u00fcr\u00fc \u00fczerine \u00e7al\u0131\u015fmalar yapar. Bu kurumun Danimarka&#8217;da da kurulmas\u0131 i\u00e7in uzun zamand\u0131r haz\u0131rl\u0131klar vard\u0131. Nihayetinde ROJ TV karar\u0131n\u0131n verilmesinden sonraki bir tarihte bir okulun salonu tutuluyor, yereldeki t\u00fcm K\u00fcrt \u015fahsiyetlerine telefonla, maille veya bizzat giderek davetde bulunuyor, dostlar \u00e7a\u011fr\u0131l\u0131yor, ilanlar veriliyor. Nihayetinden toplant\u0131 ger\u00e7ekle\u015fiyor, se\u00e7imler yap\u0131l\u0131yor ve halk meclisinin kurulu\u015fu kesinle\u015fiyor. Bas\u0131nda da haber olarak yer al\u0131yor.<\/p>\n<p class=\"western\" lang=\"tr-TR\" align=\"justify\">Bizim savc\u0131 t\u00fcm bu hikayeyi nas\u0131l yorumluyor? ROJ TV&#8217;den sonra para toplama olana\u011f\u0131 kalm\u0131yor, para toplamak i\u00e7in \u00f6zel bir illegal birim olu\u015fturuluyor. \u00dcstelik ad\u0131na da &#8218;K\u00fcrt parlamentosu&#8216; diyor. B\u00f6yle &#8218;davul zurna \u00e7ala \u00e7ala&#8216; illegaliyeti mi yap\u0131l\u0131r ?<\/p>\n<p class=\"western\" lang=\"tr-TR\" align=\"justify\">Bu iddialarla g\u00f6zalt\u0131 karar\u0131n\u0131 verip soru\u015fturma ba\u015flatabilmek i\u00e7in bir savc\u0131n\u0131n ancak \u00f6rne\u011fine KCK iddianamalerinin cemaat\u00e7i savc\u0131lar\u0131nda bulunabilecek bir g\u00f6zl\u00fc\u011fe, zihne ve hastal\u0131kl\u0131 bak\u0131\u015fa sahip olmas\u0131 gerekir. ROJ TV davas\u0131nda da g\u00f6r\u00fcld\u00fc\u011f\u00fc gibi bu soru\u015fturma da T\u00fcrk devleti ve yarg\u0131s\u0131n\u0131n g\u00f6z\u00fcyle, akl\u0131yla yap\u0131l\u0131yor. Ba\u015fka t\u00fcrl\u00fc zaten b\u00f6yle bir soru\u015fturma ba\u015flatmak da m\u00fcmk\u00fcn de\u011fil.<b> <\/b><\/p>\n<p class=\"western\" lang=\"tr-TR\" align=\"justify\"><span style=\"font-size: small;\"><b>G\u00d6ZDA\u011eI, TEHD\u0130T VE KORKUTMA <\/b><\/span><\/p>\n<p class=\"western\" lang=\"tr-TR\" align=\"justify\">T\u00fcm olan bitenler bununla s\u0131n\u0131rl\u0131 de\u011fil. Bu g\u00f6zalt\u0131lar ile birlikte y\u00fcr\u00fcyen farkl\u0131 bir y\u00f6nelim de var. \u00d6ncelikle \u00e7ok sert hatta sald\u0131rgan diyebilece\u011fimiz bir usul ve \u00f6fkeyle ev ve i\u015f yeri aramalar\u0131 yap\u0131l\u0131yor. \u00c7ocuklar\u0131n g\u00f6zleri \u00f6n\u00fcnde, onlar\u0131 korkutacak tarzda da\u011f\u0131t\u0131c\u0131 bir arama yap\u0131l\u0131yor. Ayn\u0131 \u015fekilde dernekte insanlar olmas\u0131na ra\u011fmen kap\u0131 k\u0131r\u0131larak i\u00e7eri giriliyor ve daha sert bir tarzda da\u011f\u0131t\u0131l\u0131yor.<\/p>\n<p class=\"western\" lang=\"tr-TR\" align=\"justify\">Dernekte duvarda as\u0131l\u0131 bulunan K\u00fcrt halk \u00d6nderi \u00d6calan&#8217;\u0131n foto\u011fraflar\u0131n\u0131 gerek\u00e7e g\u00f6stererek savc\u0131l\u0131\u011f\u0131n kapatma talebinde bulundu\u011funu da ifade edersem san\u0131r\u0131m T\u00fcrk izleri daha belirginle\u015fecektir. T\u00fcrk Konsolosu, derne\u011fe yap\u0131lan bask\u0131ndan iki saat sonra polise ba\u015fvurarak &#8218;birlikte \u00e7al\u0131\u015fma&#8216; talebinde bulunuyor. Bunu ifade ettikleri zaman derne\u011fin t\u00fcm \u00fcye kay\u0131tlar\u0131, adres, telefon ve di\u011fer belgelerine polis taraf\u0131ndan el konulmu\u015ftu. Bu durum dernek \u00fcyelerinde fi\u015fleme ve kayg\u0131lar\u0131 yaratmam\u0131\u015f da de\u011fil tabi..<\/p>\n<p class=\"western\" lang=\"tr-TR\" align=\"justify\"><span style=\"font-size: small;\"><b>EKONOM\u0130K YIKIMA U\u011eRATMA<\/b><\/span><\/p>\n<p class=\"western\" lang=\"tr-TR\" align=\"justify\">K\u00fcrt \u015fahsiyetlerin g\u00f6zalt\u0131na al\u0131nmas\u0131ndan hemen sonra ekonomik olarak da y\u0131k\u0131ma u\u011fratmay\u0131 hedefleyen uygulamalar s\u00f6zkonusu. Mesela temizlik \u015firketi bulunan birinin hemen ald\u0131\u011f\u0131 i\u015flerden vazge\u00e7iliyor, \u0130\u015fyerleri s\u0131k s\u0131k vergi memurlar\u0131 gidiyor art\u0131k, bir ba\u015fkas\u0131n\u0131n bankada \u00e7al\u0131\u015fan e\u015fi i\u015ften kovuluyor, mahkemeye \u00e7\u0131kar\u0131ld\u0131klar\u0131nda d\u0131\u015farda toplanan kitle i\u00e7inden bir gen\u00e7 Danimarka TV&#8217;lerine verdi\u011fi deme\u00e7 sonras\u0131, &#8218;Danimarka&#8217;ya uygun biri olmad\u0131\u011f\u0131&#8216; i\u00e7in hemen i\u015finden kovuluyor.<\/p>\n<p class=\"western\" lang=\"tr-TR\" align=\"justify\">Nerdeyse t\u00fcm esnaflar\u0131n Restorant ve imbislerine gidilmi\u015f durumda. G\u00fcn ortas\u0131nda, i\u015flerin en yo\u011fun oldu\u011fu zamanlarda, m\u00fc\u015fterilerin g\u00f6z\u00fc \u00f6n\u00fcnde i\u015fyeri sahiplerinin ifadesi al\u0131nmak isteniliyor. Hatta \u00fc\u00e7-d\u00f6rt kez ifade vermemekte direnen bir i\u015fyerine yine g\u00fcnd\u00fczleyin k\u00f6pekleriyle girip, &#8217;silah ihbar\u0131&#8216; ald\u0131k arama yapaca\u011f\u0131z deniliyor. Haliyle t\u00fcm m\u00fc\u015fteriler ka\u00e7arcas\u0131na \u00e7\u0131k\u0131yorlar oradan. Ama\u00e7 i\u00e7eride bulunan tutuklular aleyhine ifade almak, onlar\u0131n zorla para toplad\u0131klar\u0131na dair beyanda bulunmalar\u0131n\u0131 sa\u011flamak. Bunun i\u00e7in de ekonomi \u00fczerinden tehtid olu\u015fturmaktad\u0131rlar. S\u00f6zde hukuki a\u00e7\u0131dan ifade vermeye de mecbur olmad\u0131klar\u0131 halde&#8230;Bu y\u00f6ntem ile birlikte sadece i\u00e7eride tutulanlar de\u011fil \u00f6nemli bir esnaf kesim \u015fimdiden ciddi ekomik zarar g\u00f6rm\u00fc\u015f durumdad\u0131r.<\/p>\n<p class=\"western\" lang=\"tr-TR\" align=\"justify\"><span style=\"font-size: small;\"><b>ARAMA KARARI DA YOK<\/b><\/span><\/p>\n<p class=\"western\" lang=\"tr-TR\" align=\"justify\">Bu arada ne g\u00f6zalt\u0131 esnas\u0131nda ne de ev, i\u015fyeri ve dernek aramas\u0131nda bir arama karar\u0131n\u0131n olmad\u0131\u011f\u0131n\u0131 da vurgulamam gerekiyor. Danimarka yasalar\u0131 &#8218;delillerin karart\u0131lmas\u0131&#8216; ihtimalinin oldu\u011fu durumlarda polise izinsiz arama yapma yetksini veriyormu\u015f. Ayn\u0131 saatte sekiz ki\u015finin ev ve i\u015fyerine, derne\u011fe yap\u0131lan bask\u0131n\u0131n acil oldu\u011funu herhalde ak\u0131l, izan sahibi kimse iddia etmez. Kald\u0131 ki, soru\u015fturma evraklar\u0131nda bir hafta \u00f6ncesinin tarihleri mevcut.<\/p>\n<p class=\"western\" lang=\"tr-TR\" align=\"justify\">Bu davayla ilgili ilgin\u00e7 bir olgu daha s\u00f6yleyeyim: Bu soru\u015fturma kapsam\u0131nda, Danimarka&#8217;da oturmayan ve hakk\u0131nda arama karar\u0131 \u00e7\u0131kar\u0131lan bir \u015fah\u0131s bura polisinin talebi \u00fczerine \u0130svi\u00e7re&#8217;de g\u00f6zalt\u0131na al\u0131n\u0131yor. Kendilerine \u00f6nce 24 saat sonra da birka\u00e7 g\u00fcn daha zaman veriliyor ve gerek\u00e7e isteniliyor. Danimarka polisi taraf\u0131ndan g\u00f6nderilen ve s\u00f6zkonusu \u015fahs\u0131n iadesi talep edilen yaz\u0131daki gerek\u00e7elere bakan isvi\u00e7reli polisler bile \u015funu diyorlar: &#8218;Biz bu belge ile hakimlerin kar\u015f\u0131s\u0131na \u00e7\u0131kamay\u0131z. Siz su\u00e7 olarak belirti\u011finiz fiiller bizde su\u00e7 de\u011fil&#8216; ve g\u00f6zalt\u0131na ald\u0131klar\u0131 \u015fahs\u0131 serbest b\u0131rak\u0131yorlar.<\/p>\n<p class=\"western\" lang=\"tr-TR\" align=\"justify\"><span style=\"font-size: small;\"><b>BATMAN KOPENHAG&#8217;DA<\/b><\/span><\/p>\n<p class=\"western\" lang=\"tr-TR\" align=\"justify\">Bu operasyonun ad\u0131n\u0131 sona saklad\u0131m: BATMAN. Evet, Danimarka polisi, sivil ve yerle\u015fik K\u00fcrt \u015fahsiyetleri \u00fczerinden, \u00fclkesi d\u00f6rt par\u00e7aya b\u00f6l\u00fcnm\u00fc\u015f ve zul\u00fcm alt\u0131nda olan bir halk\u0131n evlatlar\u0131na y\u00f6nelik sald\u0131r\u0131s\u0131n\u0131 b\u00f6yle sembolize ediyor. Ba\u015fta da dedim ya; bunlar tamamen &#8218;T\u00fcrk akl\u0131&#8217;n\u0131n \u00fcr\u00fcn\u00fc.<\/p>\n<p class=\"western\" lang=\"tr-TR\" align=\"justify\">Bitirmeden \u015funu vurgulamal\u0131y\u0131m; g\u00f6zalt\u0131na olay\u0131 duyulur duyulmaz, etkinliklere gelmeyen, kenarda k\u0131y\u0131da kalmay\u0131 ye\u011fleyen K\u00fcrtler dahi mahkeme \u00f6n\u00fcnde toplanm\u0131\u015flar. Her zamankinden daha kitlesel ve kararl\u0131 bir \u015fekilde bu haks\u0131zl\u0131\u011fa kar\u015f\u0131 durmu\u015flard\u0131r. T\u00fcm bu bask\u0131lar ve y\u0131ld\u0131rmalar halk\u0131n g\u00f6z\u00fcn\u00fc korkutamam\u0131\u015ft\u0131r. 1 Aral\u0131k&#8217;ta yap\u0131lan &#8218;y\u0131ld\u00f6n\u00fcm\u00fc&#8216; etkinli\u011finin de hem kitlesel hem de son derece co\u015fkulu ge\u00e7mesi de bunun bir \u00f6rne\u011fidir.<\/p>\n<p class=\"western\" lang=\"tr-TR\" align=\"justify\">Danimarka&#8217;da ya\u015fananlar\u0131 daha \u00f6nca Almanya&#8217;da, Fransa&#8217;da denenenlerin bir ba\u015flang\u0131c\u0131 olarak g\u00f6rmek gerekir. Uluslar aras\u0131 g\u00fc\u00e7 dengeleri gere\u011fi yap\u0131lan fiili sald\u0131r\u0131lar, ekonomik i\u015fbirli\u011fi ve ihale payla\u015f\u0131m\u0131yla e\u015f g\u00fcd\u00fcml\u00fc y\u00fcr\u00fcm\u00fc\u015f ve giderek K\u00fcrt toplumuyla K\u00fcrt siyasetinin kriminalize edilmesi ve izolesiyle sonu\u00e7land\u0131r\u0131lmak istenilmi\u015ftir. Hukuk veya yasa \u015femsiyesi alt\u0131nda politik sald\u0131r\u0131lar kurgulanm\u0131\u015f, K\u00fcrt toplumu bask\u0131 alt\u0131na al\u0131nm\u0131\u015ft\u0131r. Danimarka&#8217;da uygulanan bu bildik oyuna kar\u015f\u0131 duyarl\u0131 olmak gerekiyor. Bu vesileyle K\u00fcrt \u015fahsiyetlerin davas\u0131 boyunca duru\u015fmalar\u0131 izleme, burada ger\u00e7ekle\u015fecek etkinliklerde yer alma, destek verme, ziyaretlerde bulunman\u0131n, bu sald\u0131r\u0131lara kar\u015f\u0131 halk\u0131m\u0131z\u0131n yan\u0131nda olman\u0131n \u00f6nemine vurgu yapmak istiyorum.<\/p>\n<p class=\"western\" lang=\"tr-TR\" align=\"justify\"><strong>Mahmut \u015eakar<\/strong><\/p>\n","protected":false},"excerpt":{"rendered":"<p>Danimarka&#8217;da 18 Eyl\u00fcl 2012 tarihinde 8 K\u00fcrd\u00fcn g\u00f6zalt\u0131na al\u0131nmas\u0131 ve sonras\u0131nda ya\u015fanan geli\u015fmeler K\u00fcrt bas\u0131n\u0131nda haketti\u011fi yeri bulamad\u0131. Oysa Danimarka polisi bir bas\u0131n toplant\u0131s\u0131yla bu g\u00f6zalt\u0131lar\u0131, bas\u0131n ve kamuoyuna bir<\/p>\n","protected":false},"author":2,"featured_media":0,"comment_status":"open","ping_status":"open","sticky":false,"template":"","format":"standard","meta":{"footnotes":""},"categories":[39],"tags":[],"class_list":{"1":"post","2":"type-post","3":"status-publish","4":"format-standard","5":"hentry","6":"category-analiz"},"_links":{"self":[{"href":"http:\/\/www.mafdad.org\/index.php?rest_route=\/wp\/v2\/posts\/3231","targetHints":{"allow":["GET"]}}],"collection":[{"href":"http:\/\/www.mafdad.org\/index.php?rest_route=\/wp\/v2\/posts"}],"about":[{"href":"http:\/\/www.mafdad.org\/index.php?rest_route=\/wp\/v2\/types\/post"}],"author":[{"embeddable":true,"href":"http:\/\/www.mafdad.org\/index.php?rest_route=\/wp\/v2\/users\/2"}],"replies":[{"embeddable":true,"href":"http:\/\/www.mafdad.org\/index.php?rest_route=%2Fwp%2Fv2%2Fcomments&post=3231"}],"version-history":[{"count":0,"href":"http:\/\/www.mafdad.org\/index.php?rest_route=\/wp\/v2\/posts\/3231\/revisions"}],"wp:attachment":[{"href":"http:\/\/www.mafdad.org\/index.php?rest_route=%2Fwp%2Fv2%2Fmedia&parent=3231"}],"wp:term":[{"taxonomy":"category","embeddable":true,"href":"http:\/\/www.mafdad.org\/index.php?rest_route=%2Fwp%2Fv2%2Fcategories&post=3231"},{"taxonomy":"post_tag","embeddable":true,"href":"http:\/\/www.mafdad.org\/index.php?rest_route=%2Fwp%2Fv2%2Ftags&post=3231"}],"curies":[{"name":"wp","href":"https:\/\/api.w.org\/{rel}","templated":true}]}}