{"id":3206,"date":"2015-02-06T23:41:12","date_gmt":"2015-02-06T22:41:12","guid":{"rendered":"http:www.mafdad.org\/?p=3206"},"modified":"2025-01-02T00:18:33","modified_gmt":"2025-01-01T23:18:33","slug":"pkk-von-der-terrorliste-der-eu-streichen-betatigungsverbot-aufheben-den-friedensprozess-starken-rechtliche-neubewertung-dringend-notwendig","status":"publish","type":"post","link":"http:\/\/www.mafdad.org\/?p=3206","title":{"rendered":"PKK von der Terrorliste der EU streichen &#8211; Bet\u00e4tigungsverbot aufheben \u2013 den Friedensprozess st\u00e4rken &#8211; Rechtliche Neubewertung dringend notwendig"},"content":{"rendered":"\n<p><strong>Aufruf zur Unterst\u00fctzung Juristinnen und Juristen in ganz Europa sind aufgerufen nachfolgenden Aufruf zu <\/strong><strong>unterst\u00fctzen<\/strong><\/p>\n\n\n\n<p>Erkl\u00e4rung europ\u00e4ischer Juristinnen und Juristen: PKK von der Terrorliste der EU streichen &#8211; Bet\u00e4tigungsverbot aufheben \u2013 den Friedensprozess st\u00e4rken &#8211; Rechtliche Neubewertung dringend notwendig<\/p>\n\n\n\n<p>PKK-Verbot seit \u00fcber 20 Jahren<\/p>\n\n\n\n<figure class=\"wp-block-image size-full is-resized\"><a href=\"http:\/\/www.mafdad.org\/wp-content\/uploads\/2016\/02\/Aufruf-zur-Unterst\u00fctzung-PKK-von-der-Terrorliste-der-EU-streic-hen.pdf\" target=\"_blank\" rel=\" noreferrer noopener\"><img fetchpriority=\"high\" decoding=\"async\" width=\"450\" height=\"253\" src=\"http:\/\/www.mafdad.org\/wp-content\/uploads\/2025\/01\/pkk-verbot-1-edited.jpg\" alt=\"\" class=\"wp-image-3915\" style=\"width:258px;height:auto\" srcset=\"http:\/\/www.mafdad.org\/wp-content\/uploads\/2025\/01\/pkk-verbot-1-edited.jpg 450w, http:\/\/www.mafdad.org\/wp-content\/uploads\/2025\/01\/pkk-verbot-1-edited-300x169.jpg 300w\" sizes=\"(max-width: 450px) 100vw, 450px\" \/><\/a><\/figure>\n","protected":false},"excerpt":{"rendered":"<p>Aufruf zur Unterst\u00fctzung Juristinnen und Juristen in ganz Europa sind aufgerufen nachfolgenden Aufruf zu unterst\u00fctzen Erkl\u00e4rung europ\u00e4ischer Juristinnen und Juristen: PKK von der Terrorliste der EU streichen &#8211; Bet\u00e4tigungsverbot aufheben<\/p>\n","protected":false},"author":2,"featured_media":0,"comment_status":"closed","ping_status":"open","sticky":false,"template":"","format":"standard","meta":{"footnotes":""},"categories":[107,137],"tags":[],"class_list":{"1":"post","2":"type-post","3":"status-publish","4":"format-standard","5":"hentry","6":"category-allgemein-de","7":"category-kampagnen-de"},"_links":{"self":[{"href":"http:\/\/www.mafdad.org\/index.php?rest_route=\/wp\/v2\/posts\/3206","targetHints":{"allow":["GET"]}}],"collection":[{"href":"http:\/\/www.mafdad.org\/index.php?rest_route=\/wp\/v2\/posts"}],"about":[{"href":"http:\/\/www.mafdad.org\/index.php?rest_route=\/wp\/v2\/types\/post"}],"author":[{"embeddable":true,"href":"http:\/\/www.mafdad.org\/index.php?rest_route=\/wp\/v2\/users\/2"}],"replies":[{"embeddable":true,"href":"http:\/\/www.mafdad.org\/index.php?rest_route=%2Fwp%2Fv2%2Fcomments&post=3206"}],"version-history":[{"count":3,"href":"http:\/\/www.mafdad.org\/index.php?rest_route=\/wp\/v2\/posts\/3206\/revisions"}],"predecessor-version":[{"id":3955,"href":"http:\/\/www.mafdad.org\/index.php?rest_route=\/wp\/v2\/posts\/3206\/revisions\/3955"}],"wp:attachment":[{"href":"http:\/\/www.mafdad.org\/index.php?rest_route=%2Fwp%2Fv2%2Fmedia&parent=3206"}],"wp:term":[{"taxonomy":"category","embeddable":true,"href":"http:\/\/www.mafdad.org\/index.php?rest_route=%2Fwp%2Fv2%2Fcategories&post=3206"},{"taxonomy":"post_tag","embeddable":true,"href":"http:\/\/www.mafdad.org\/index.php?rest_route=%2Fwp%2Fv2%2Ftags&post=3206"}],"curies":[{"name":"wp","href":"https:\/\/api.w.org\/{rel}","templated":true}]}}