{"id":3202,"date":"2010-10-19T23:36:39","date_gmt":"2010-10-19T21:36:39","guid":{"rendered":"http:www.mafdad.org\/?p=3202"},"modified":"2025-01-13T22:48:51","modified_gmt":"2025-01-13T21:48:51","slug":"appell-pkk-von-eu-terrorliste-streichen","status":"publish","type":"post","link":"http:\/\/www.mafdad.org\/?p=3202","title":{"rendered":"Appell &#8211; PKK von EU-Terrorliste streichen"},"content":{"rendered":"<p><strong>Europ\u00e4ische Juristinnen und Juristen fordern:<\/strong><br \/><strong>Streichung der PKK von EU-Terrorliste<\/strong><\/p>\n<p style=\"text-align: justify;\">Seit 2002 wird die Arbeiterpartei Kurdistans (PKK) auf Wunsch der t\u00fcrkischen Regierung in der vom Rat der Europ\u00e4ischen Union regelm\u00e4\u00dfig aktualisierten Terrorliste gef\u00fchrt. Als wesentliche Begr\u00fcndung wurden Gewalttaten der PKK in der T\u00fcrkei und im Ausland genannt.<\/p>\n\n\n<figure class=\"wp-block-image size-full is-resized\"><a href=\"http:\/\/www.mafdad.org\/wp-content\/uploads\/2016\/02\/Appell-PKK-von-EU-Terrorliste-streichen.doc.pdf\" target=\"_blank\" rel=\" noreferrer noopener\"><img fetchpriority=\"high\" decoding=\"async\" width=\"283\" height=\"218\" src=\"http:\/\/www.mafdad.org\/wp-content\/uploads\/2016\/06\/downloadpdf.jpg\" alt=\"\" class=\"wp-image-3926\" style=\"width:218px;height:auto\"\/><\/a><\/figure>\n\n\n\n<p><\/p>\n","protected":false},"excerpt":{"rendered":"<p>Europ\u00e4ische Juristinnen und Juristen fordern:Streichung der PKK von EU-Terrorliste Seit 2002 wird die Arbeiterpartei Kurdistans (PKK) auf Wunsch der t\u00fcrkischen Regierung in der vom Rat der Europ\u00e4ischen Union regelm\u00e4\u00dfig aktualisierten<\/p>\n","protected":false},"author":2,"featured_media":0,"comment_status":"closed","ping_status":"open","sticky":false,"template":"","format":"standard","meta":{"footnotes":""},"categories":[107,137],"tags":[],"class_list":{"1":"post","2":"type-post","3":"status-publish","4":"format-standard","5":"hentry","6":"category-allgemein-de","7":"category-kampagnen-de"},"_links":{"self":[{"href":"http:\/\/www.mafdad.org\/index.php?rest_route=\/wp\/v2\/posts\/3202","targetHints":{"allow":["GET"]}}],"collection":[{"href":"http:\/\/www.mafdad.org\/index.php?rest_route=\/wp\/v2\/posts"}],"about":[{"href":"http:\/\/www.mafdad.org\/index.php?rest_route=\/wp\/v2\/types\/post"}],"author":[{"embeddable":true,"href":"http:\/\/www.mafdad.org\/index.php?rest_route=\/wp\/v2\/users\/2"}],"replies":[{"embeddable":true,"href":"http:\/\/www.mafdad.org\/index.php?rest_route=%2Fwp%2Fv2%2Fcomments&post=3202"}],"version-history":[{"count":2,"href":"http:\/\/www.mafdad.org\/index.php?rest_route=\/wp\/v2\/posts\/3202\/revisions"}],"predecessor-version":[{"id":4067,"href":"http:\/\/www.mafdad.org\/index.php?rest_route=\/wp\/v2\/posts\/3202\/revisions\/4067"}],"wp:attachment":[{"href":"http:\/\/www.mafdad.org\/index.php?rest_route=%2Fwp%2Fv2%2Fmedia&parent=3202"}],"wp:term":[{"taxonomy":"category","embeddable":true,"href":"http:\/\/www.mafdad.org\/index.php?rest_route=%2Fwp%2Fv2%2Fcategories&post=3202"},{"taxonomy":"post_tag","embeddable":true,"href":"http:\/\/www.mafdad.org\/index.php?rest_route=%2Fwp%2Fv2%2Ftags&post=3202"}],"curies":[{"name":"wp","href":"https:\/\/api.w.org\/{rel}","templated":true}]}}