{"id":3159,"date":"2010-09-29T18:26:02","date_gmt":"2010-09-29T16:26:02","guid":{"rendered":"http:www.mafdad.org\/?p=3159"},"modified":"2025-01-13T22:56:57","modified_gmt":"2025-01-13T21:56:57","slug":"3159","status":"publish","type":"post","link":"http:\/\/www.mafdad.org\/?p=3159","title":{"rendered":"II. Internationale Fachtagung"},"content":{"rendered":"<p><a href=\"http:\/\/www.mafdad.org\/wp-content\/uploads\/2010\/09\/bf77a8a1-maf-dad1-e1454781734415.jpg\" rel=\"attachment wp-att-3181\"><img fetchpriority=\"high\" decoding=\"async\" class=\"wp-image-3181 size-full aligncenter\" src=\"http:\/\/www.mafdad.org\/wp-content\/uploads\/2010\/09\/bf77a8a1-maf-dad1-e1454781734415.jpg\" alt=\"\" width=\"500\" height=\"333\" \/><\/a><\/p>\n<p><strong>Sehr geehrte Damen und Herren,<\/strong><br \/>\n<strong>liebe Freundinnen und Freunde,<\/strong><br \/>\nim November des vergangenen Jahres haben wir unsere Fachtagung \u201eDer so genannte Anti-Terror-Kampf am<br \/>\nBeispiel der Kurdinnen und Kurden \u2013 Praxis im europ\u00e4ischen Rechtsraum\u201c durchgef\u00fchrt, zu deren Abschluss<br \/>\nzahlreiche Teilnehmerinnen und Teilnehmer den Wunsch \u00e4u\u00dferten, ein solches Zusammentreffen mit<br \/>\nKolleginnen und Kollegen aus verschiedenen EU-L\u00e4ndern zu wiederholen.<\/p>\n<p><a href=\"http:\/\/www.mafdad.org\/wp-content\/uploads\/2016\/02\/Einladung_DE2.pdf\">EINLADUNG<\/a><\/p>\n<h4><strong>II. Internationale Fachtagung\u00a0 \/\u201eDer so genannte Anti\u2010Terror\u2010Kampf am Beispiel der Kurdinnen und Kurden \u2013 Die Praxis im europ\u00e4ischen Rechtsraum\u201c vom 10. \u2013 12. Dezember 2010<\/strong><\/h4>\n<p><a href=\"http:\/\/www.mafdad.org\/wp-content\/uploads\/2010\/09\/Programm-DE.pdf\"><strong>Programm<\/strong><\/a><\/p>\n<p>&#8230;<\/p>\n<p><strong>Er\u00f6ffnung<\/strong><\/p>\n<p><strong>Gru\u00dfwort<\/strong><\/p>\n<p><strong><a href=\"http:www.mafdad.org\/wp-content\/uploads\/2015\/12\/Rolf_Goessner.jpg\" rel=\"attachment wp-att-2961\"><img decoding=\"async\" class=\"alignnone size-full wp-image-2961\" src=\"http:www.mafdad.org\/wp-content\/uploads\/2015\/12\/Rolf_Goessner.jpg\" alt=\"Rolf_Goessner\" width=\"185\" height=\"233\" \/><\/a><\/strong><\/p>\n<p><strong>Rolf G\u00f6ssner<\/strong>, Vizepr\u00e4sident der Internationalen Liga f\u00fcr Menschenrechte, Berlin \/ Vorstandsmitglied von MAF-DAD e.V., K\u00f6ln<\/p>\n<p><a href=\"http:\/\/www.mafdad.org\/wp-content\/uploads\/2010\/09\/Rolf-G\u00f6ssner-Deutsch.pdf\"><strong>Redebaitrag<\/strong><\/a><\/p>\n<p>&nbsp;<\/p>\n<p><strong>F-Typ-Gef\u00e4ngnisse, Isolation und deren Konsequenzen<\/strong><\/p>\n<p><strong>Faik \u00d6zg\u00fcr Erol, Anwaltskammer Diyarbak\u0131r<\/strong><\/p>\n<p><a href=\"http:\/\/www.mafdad.org\/wp-content\/uploads\/2010\/09\/Faik-\u00d6zg\u00fcr-Erol-Deutsch.pdf\"><strong>Redebeitrag<\/strong><\/a><\/p>\n<p><strong>Interpol \/ Auslieferungsersuchen der t\u00fcrkischen Justizbeh\u00f6rden<\/strong><br \/>\n<strong>Einf\u00fchrungsreferat von MAF-DAD<\/strong><br \/>\n<strong>Bernadette Casu<\/strong><\/p>\n<p><a href=\"http:\/\/www.mafdad.org\/wp-content\/uploads\/2010\/09\/Bernadette_Casu_-_Deutsch.pdf\"><strong>Redebeitrag<\/strong><\/a><\/p>\n<p><strong>Neue Strategien politischer Verfolgung \u00fcber au\u00dfenwirtschaftsgesetzliche Strafvorschriften in Europa<\/strong><br \/>\n<strong>Rechtsanw\u00e4ltin Britta Eder<\/strong><\/p>\n<p><a href=\"http:\/\/www.mafdad.org\/wp-content\/uploads\/2010\/09\/Britta-Eder-Deutsch.pdf\"><strong>Redebeitrag<\/strong><\/a><\/p>\n<p><strong>Rechtliche Schritte gegen die EU-Terrorliste<\/strong><br \/>\n<strong>Professor Bill Bowring, Birbeck College, University of London<\/strong><\/p>\n<p><a href=\"http:\/\/www.mafdad.org\/wp-content\/uploads\/2010\/09\/Bill_Bowring_-_Deutsch.pdf\"><strong>Redebeitrag<\/strong><\/a><\/p>\n<p><strong>Unterschriftenkampagne gegen die \u00bbTerrorliste\u00ab \u2013 Argumente und m\u00f6gliche Entwicklungen<\/strong><br \/>\n<strong>Mahmut \u015eakar, MAF-DAD<\/strong><\/p>\n<p><a href=\"http:\/\/www.mafdad.org\/wp-content\/uploads\/2010\/09\/Mahmut-Sakar-Deutsch.pdf\"><strong>Redebeitrag<\/strong><\/a><\/p>\n<p><strong>Ausschluss ehemaliger Guerillak\u00e4mpfer_innen der PKK vom Schutz der Genfer Fl\u00fcchtlingskonvention?<\/strong><br \/>\n<strong>Rechtsanwalt Hans Werner Odendahl<\/strong><\/p>\n<p><a href=\"http:\/\/www.mafdad.org\/wp-content\/uploads\/2010\/09\/Hans-Werner-Odendahl-Deutsch.pdf\"><strong>Redebeitrag<\/strong><\/a><\/p>\n<p>&nbsp;<\/p>\n","protected":false},"excerpt":{"rendered":"<p>Sehr geehrte Damen und Herren, liebe Freundinnen und Freunde, im November des vergangenen Jahres haben wir unsere Fachtagung \u201eDer so genannte Anti-Terror-Kampf am Beispiel der Kurdinnen und Kurden \u2013 Praxis<\/p>\n","protected":false},"author":2,"featured_media":0,"comment_status":"closed","ping_status":"open","sticky":false,"template":"","format":"standard","meta":{"footnotes":""},"categories":[109],"tags":[],"class_list":{"1":"post","2":"type-post","3":"status-publish","4":"format-standard","5":"hentry","6":"category-factagungen-konferenzen-de"},"_links":{"self":[{"href":"http:\/\/www.mafdad.org\/index.php?rest_route=\/wp\/v2\/posts\/3159","targetHints":{"allow":["GET"]}}],"collection":[{"href":"http:\/\/www.mafdad.org\/index.php?rest_route=\/wp\/v2\/posts"}],"about":[{"href":"http:\/\/www.mafdad.org\/index.php?rest_route=\/wp\/v2\/types\/post"}],"author":[{"embeddable":true,"href":"http:\/\/www.mafdad.org\/index.php?rest_route=\/wp\/v2\/users\/2"}],"replies":[{"embeddable":true,"href":"http:\/\/www.mafdad.org\/index.php?rest_route=%2Fwp%2Fv2%2Fcomments&post=3159"}],"version-history":[{"count":2,"href":"http:\/\/www.mafdad.org\/index.php?rest_route=\/wp\/v2\/posts\/3159\/revisions"}],"predecessor-version":[{"id":4070,"href":"http:\/\/www.mafdad.org\/index.php?rest_route=\/wp\/v2\/posts\/3159\/revisions\/4070"}],"wp:attachment":[{"href":"http:\/\/www.mafdad.org\/index.php?rest_route=%2Fwp%2Fv2%2Fmedia&parent=3159"}],"wp:term":[{"taxonomy":"category","embeddable":true,"href":"http:\/\/www.mafdad.org\/index.php?rest_route=%2Fwp%2Fv2%2Fcategories&post=3159"},{"taxonomy":"post_tag","embeddable":true,"href":"http:\/\/www.mafdad.org\/index.php?rest_route=%2Fwp%2Fv2%2Ftags&post=3159"}],"curies":[{"name":"wp","href":"https:\/\/api.w.org\/{rel}","templated":true}]}}