{"id":3069,"date":"2015-10-28T23:07:44","date_gmt":"2015-10-28T22:07:44","guid":{"rendered":"http:www.mafdad.org\/?p=3069"},"modified":"2024-12-26T10:01:34","modified_gmt":"2024-12-26T09:01:34","slug":"turkei-entwickelt-sich-zu-totalitarem-regime-vorsitzender-der-anwaltskammer-diyarbakir-angeklagt","status":"publish","type":"post","link":"http:\/\/www.mafdad.org\/?p=3069","title":{"rendered":"T\u00fcrkei entwickelt sich zu totalit\u00e4rem Regime Vorsitzender der Anwaltskammer Diyarbakir angeklagt"},"content":{"rendered":"<p align=\"justify\"><span style=\"color: #000000;\"><span style=\"font-family: Arial,serif;\"><span style=\"font-size: small;\">In der T\u00fcrkei eskalieren die dramatischen Entwicklungen im Bereich des Rechts und der Menschenrechte. Hat sich der Staat mit der Aufkl\u00e4rung der Menschenrechtsverletzungen der j\u00fcngsten Vergangenheit bis heute nicht konfrontiert, kehrt er gleichsam in die 1990-er Jahre zur\u00fcck, an die man sich mit Furcht und Schmerz erinnert. Das Massaker, das am 10. Oktober 2015 in Ankara ver\u00fcbt und \u00fcber 100 Menschen das Leben gekostet hat, ist ein letztes und tragisches Beispiel daf\u00fcr, wie gro\u00df die Gefahr eines B\u00fcrgerkrieges ist. <\/span><\/span><\/span><\/p>\n<p align=\"justify\"><span style=\"color: #000000;\"><span style=\"font-family: Arial,serif;\"><span style=\"font-size: small;\">Wie gef\u00e4hrlich die Situation ist, zeigt sich auch daran, mit welch autorit\u00e4ren Methoden das t\u00fcrkische Regime gegen den Vorsitzenden der Rechtsanwaltskammer von Diyarbakir, Tahir El\u00e7i, vorgegangen ist. Dieser hatte am 14. Oktober in einer Podiumsdiskussion des Fernsehsenders CNN T\u00fcrk erkl\u00e4rt, dass er die PKK nicht als terroristische Organisation ansehe, sondern als eine Bewegung, die mit ihrem umfangreichen basisdemokratischen Programm auf eine breite Unterst\u00fctzung in der Bev\u00f6lkerung sto\u00dfe. Unmittelbar nach der Sendung begann in den regierungsnahen Medien eine verleumderische Hetzkampagne gegen den Rechtsanwalt, verbunden mit zahlreichen Morddrohungen. <\/span><\/span><\/span><\/p>\n<p align=\"justify\"><span style=\"color: #000000;\"><span style=\"font-family: Arial,serif;\"><span style=\"font-size: small;\">Hatte die Staatsanwaltschaft Istanbul zun\u00e4chst die Justiz in Diyarbakir aufgefordert, El\u00e7i dort zu verh\u00f6ren, verlangte sie kurz danach, den Kammervorsitzenden nach Istanbul zu verbringen, was in der Nacht des 20. Oktober in Begleitung zahlreicher Sicherheitskr\u00e4fte erfolgte. Noch w\u00e4hrend des Verh\u00f6rs von El\u00e7i, k\u00fcndigte Justizminister Kenan Ipek die Er\u00f6ffnung des Haftbefehls gegen ihn an. Der Ermittlungsrichter wiederum lie\u00df den Juristen frei, belegte ihn aber mit einem Ausreiseverbot. <\/span><\/span><\/span><\/p>\n<p align=\"justify\"><span style=\"color: #000000;\"><span style=\"font-family: Arial,serif;\"><span style=\"font-size: small;\">Am 26. Oktober erhob die Staatsanwaltschaft Istanbul-Bakirk\u00f6y Anklage gegen den Vorsitzenden der Anwaltskammer Diyarbakir wegen \u201ePropaganda f\u00fcr eine terroristische Organisation\u201c und fordert eine Haftstrafe von siebeneinhalb Jahren. <\/span><\/span><\/span><\/p>\n<p align=\"justify\"><span style=\"color: #000000;\"><span style=\"font-family: Arial,serif;\"><span style=\"font-size: small;\">Auch durch dieses Vorgehen wird deutlich, dass Menschen, die eine zur herrschenden Regierung kontr\u00e4re politische Meinung vertreten, keine Garantie haben f\u00fcr Sicherheit, Freiheit und Leben. Allen Andersdenkenden ist hier \u2013 erneut \u2013 ein entsprechendes Zeichen gegeben worden. <\/span><\/span><\/span><\/p>\n<p align=\"justify\"><span style=\"color: #000000;\"><span style=\"font-family: Arial,serif;\"><span style=\"font-size: small;\">Zweifellos entwickelt sich die T\u00fcrkei zu einem totalit\u00e4ren Regime. Vor dem Hintergrund dieser gef\u00e4hrlichen Entwicklung rufen wir insbesondere Jurist*innenvereinigungen, Anwaltskammern, Anw\u00e4ltinnen und Anw\u00e4lte in Deutschland und Europa dazu auf, Stellung zu beziehen und ihren Protest gegen\u00fcber der t\u00fcrkischen Regierung und Pr\u00e4sident Recep Tayyip Erdo\u01e7an zum Ausdruck zu bringen. <\/span><\/span><\/span><\/p>\n<p align=\"justify\"><span style=\"color: #000000;\"><span style=\"font-family: Arial,serif;\"><span style=\"font-size: small;\">MAF-DAD e.V. (Verein f\u00fcr Demokratie und Internationales Recht), K\u00f6ln <\/span><\/span><\/span><\/p>\n<p align=\"justify\"><span style=\"color: #000000;\"><span style=\"font-family: Arial,serif;\"><span style=\"font-size: small;\">28. Oktober 2015 <\/span><\/span><\/span><\/p>\n","protected":false},"excerpt":{"rendered":"<p>In der T\u00fcrkei eskalieren die dramatischen Entwicklungen im Bereich des Rechts und der Menschenrechte. Hat sich der Staat mit der Aufkl\u00e4rung der Menschenrechtsverletzungen der j\u00fcngsten Vergangenheit bis heute nicht konfrontiert,<\/p>\n","protected":false},"author":2,"featured_media":0,"comment_status":"closed","ping_status":"open","sticky":false,"template":"","format":"standard","meta":{"footnotes":""},"categories":[107,129],"tags":[],"class_list":{"1":"post","2":"type-post","3":"status-publish","4":"format-standard","5":"hentry","6":"category-allgemein-de","7":"category-presseerklaerungen-de"},"_links":{"self":[{"href":"http:\/\/www.mafdad.org\/index.php?rest_route=\/wp\/v2\/posts\/3069","targetHints":{"allow":["GET"]}}],"collection":[{"href":"http:\/\/www.mafdad.org\/index.php?rest_route=\/wp\/v2\/posts"}],"about":[{"href":"http:\/\/www.mafdad.org\/index.php?rest_route=\/wp\/v2\/types\/post"}],"author":[{"embeddable":true,"href":"http:\/\/www.mafdad.org\/index.php?rest_route=\/wp\/v2\/users\/2"}],"replies":[{"embeddable":true,"href":"http:\/\/www.mafdad.org\/index.php?rest_route=%2Fwp%2Fv2%2Fcomments&post=3069"}],"version-history":[{"count":1,"href":"http:\/\/www.mafdad.org\/index.php?rest_route=\/wp\/v2\/posts\/3069\/revisions"}],"predecessor-version":[{"id":3826,"href":"http:\/\/www.mafdad.org\/index.php?rest_route=\/wp\/v2\/posts\/3069\/revisions\/3826"}],"wp:attachment":[{"href":"http:\/\/www.mafdad.org\/index.php?rest_route=%2Fwp%2Fv2%2Fmedia&parent=3069"}],"wp:term":[{"taxonomy":"category","embeddable":true,"href":"http:\/\/www.mafdad.org\/index.php?rest_route=%2Fwp%2Fv2%2Fcategories&post=3069"},{"taxonomy":"post_tag","embeddable":true,"href":"http:\/\/www.mafdad.org\/index.php?rest_route=%2Fwp%2Fv2%2Ftags&post=3069"}],"curies":[{"name":"wp","href":"https:\/\/api.w.org\/{rel}","templated":true}]}}