{"id":2957,"date":"2006-12-21T00:33:34","date_gmt":"2006-12-20T23:33:34","guid":{"rendered":"http:www.mafdad.org\/?p=2957"},"modified":"2025-01-13T23:11:42","modified_gmt":"2025-01-13T22:11:42","slug":"verein-fur-demokratie-und-internationales-recht-gegrundet","status":"publish","type":"post","link":"http:\/\/www.mafdad.org\/?p=2957","title":{"rendered":"Verein f\u00fcr Demokratie und internationales Recht gegr\u00fcndet"},"content":{"rendered":"<div align=\"left\">Anl\u00e4sslich des 58. Jahrestages der Verabschiedung der Internationalen Menschenrechtsdeklaration geben wir die Gr\u00fcndung des Vereins \u201eMAFDAD &#8211; Verein f\u00fcr Demokratie und internationales Recht\u201c bekannt. In dem Verein haben sich namhafte JuristInnen, MenschenrechtsaktivistInnen und andere engagierte Pers\u00f6nlichkeiten zusammengeschlossen mit folgenden Zielsetzungen:<\/div>\n<div align=\"left\">\n<p><strong>Kritische Beobachtung und Kommentierung der Beitrittsverhandlungen EU\/ T\u00fcrkei<\/strong><\/p>\n<p>Wir werden zu diesem Zweck solidarisch mit zivilgesellschaftlichen Organisationen in der T\u00fcrkei zusammen arbeiten und wollen unseren Beitrag zur Demokratisierung der T\u00fcrkei leisten. Wir haben uns den Namen MAFDAD gegeben -kurdisch f\u00fcr \u201eRecht und Gerechtigkeit\u201c- als Bezug zu der verbotenen Sprache eines Volkes, dass von jahrzehntelanger Unterdr\u00fcckung gezeichnet ist.<\/p>\n<p><strong>Fortentwicklung von Demokratie und Menschenrechten im 21. Jahrhundert<\/strong><\/p>\n<p>In Europa haben wir ein demokratisches Erbe \u00fcbernommen, gewachsen aus Kriegen und Katastrophen des 20. Jahrhunderts. Wir m\u00fcssen uns heute neuen Herausforderungen stellen; die Schlagworte \u201eSicherheit\u201c und \u201eTerror\u201c dienen zur Beschneidung grundlegender Rechte \u2013Freiheit wird im Namen der Sicherheit geopfert. Demokratische Prozesse verlieren angesichts immer gr\u00f6sserer faktischer Macht \u00f6konomischer Kr\u00e4fte ihre Bedeutung \u2013 hiergegen mu\u00df eine neue demokratische Kultur in Europa und der westlichen Welt geschaffen werden.<\/p>\n<p>Wir sind der Meinung, dass Rechte und Freiheiten der Menschen nicht gesch\u00fctzt werden k\u00f6nnen, wenn der Zusammenhang zwischen der diskriminierenden Sicherheitspolitik westlicher Staaten und klassischen Rechtsverletzungen in Staaten wie z.B. der T\u00fcrkei \u00fcbersehen wird, wir wollen gegen beides k\u00e4mpfen. Wir laden alle Interessierten herzlich zur Mitarbeit ein. Wir werden uns einsetzen f\u00fcr eine Welt, in der die grundlegenden Rechte der Menschen garantiert und Unterdr\u00fcckung und Ungleichheit abgeschafft sind.<\/p>\n<blockquote><p><strong>F\u00fcr den Vorstand:<\/strong><br \/>\n<strong><br \/>\nAnni Pues\u00a0\u00a0 \u00a0\u00a0\u00a0 \u00a0\u00a0\u00a0 \u00a0\u00a0\u00a0 \u00a0\u00a0\u00a0\u00a0 \u00a0\u00a0\u00a0 \u00a0 Mahmut Sakar\u00a0\u00a0 \u00a0\u00a0\u00a0 \u00a0\u00a0 \u00a0 \u00a0\u00a0\u00a0\u00a0 Prof. Dr. Norman Paech<\/strong><br \/>\nRechtsanw\u00e4ltin \u00a0 \u00a0 \u00a0 \u00a0 \u00a0 \u00a0 \u00a0 \u00a0 \u00a0 \u00a0 Rechtsanwalt \u00a0 \u00a0 \u00a0 \u00a0 \u00a0 \u00a0 \u00a0 \u00a0 \u00a0 \u00a0 \u00a0\u00a0\u00a0 Mitglied des Deutschen Bundestages<\/p>\n<p><strong>Rolf G\u00f6ssner\u00a0\u00a0 \u00a0\u00a0\u00a0 \u00a0\u00a0\u00a0 \u00a0\u00a0\u00a0 \u00a0\u00a0\u00a0 \u00a0 Heike Geisweid\u00a0\u00a0 \u00a0\u00a0\u00a0 \u00a0\u00a0\u00a0\u00a0 \u00a0\u00a0 Dr. J\u00fcrgen Schneider<\/strong><br \/>\nRechtsanwalt \u00a0 \u00a0 \u00a0 \u00a0 \u00a0 \u00a0 \u00a0 \u00a0 \u00a0 \u00a0 \u00a0 \u00a0 Rechtsanw\u00e4ltin \u00a0 \u00a0 \u00a0 \u00a0 \u00a0 \u00a0 \u00a0 \u00a0 \u00a0 \u00a0 Rechtsanwalt<\/p><\/blockquote>\n<\/div>\n<p>&nbsp;<\/p>\n","protected":false},"excerpt":{"rendered":"<p>Anl\u00e4sslich des 58. Jahrestages der Verabschiedung der Internationalen Menschenrechtsdeklaration geben wir die Gr\u00fcndung des Vereins \u201eMAFDAD &#8211; Verein f\u00fcr Demokratie und internationales Recht\u201c bekannt. In dem Verein haben sich namhafte<\/p>\n","protected":false},"author":2,"featured_media":0,"comment_status":"closed","ping_status":"open","sticky":false,"template":"","format":"standard","meta":{"footnotes":""},"categories":[129],"tags":[],"class_list":{"1":"post","2":"type-post","3":"status-publish","4":"format-standard","5":"hentry","6":"category-presseerklaerungen-de"},"_links":{"self":[{"href":"http:\/\/www.mafdad.org\/index.php?rest_route=\/wp\/v2\/posts\/2957","targetHints":{"allow":["GET"]}}],"collection":[{"href":"http:\/\/www.mafdad.org\/index.php?rest_route=\/wp\/v2\/posts"}],"about":[{"href":"http:\/\/www.mafdad.org\/index.php?rest_route=\/wp\/v2\/types\/post"}],"author":[{"embeddable":true,"href":"http:\/\/www.mafdad.org\/index.php?rest_route=\/wp\/v2\/users\/2"}],"replies":[{"embeddable":true,"href":"http:\/\/www.mafdad.org\/index.php?rest_route=%2Fwp%2Fv2%2Fcomments&post=2957"}],"version-history":[{"count":3,"href":"http:\/\/www.mafdad.org\/index.php?rest_route=\/wp\/v2\/posts\/2957\/revisions"}],"predecessor-version":[{"id":4084,"href":"http:\/\/www.mafdad.org\/index.php?rest_route=\/wp\/v2\/posts\/2957\/revisions\/4084"}],"wp:attachment":[{"href":"http:\/\/www.mafdad.org\/index.php?rest_route=%2Fwp%2Fv2%2Fmedia&parent=2957"}],"wp:term":[{"taxonomy":"category","embeddable":true,"href":"http:\/\/www.mafdad.org\/index.php?rest_route=%2Fwp%2Fv2%2Fcategories&post=2957"},{"taxonomy":"post_tag","embeddable":true,"href":"http:\/\/www.mafdad.org\/index.php?rest_route=%2Fwp%2Fv2%2Ftags&post=2957"}],"curies":[{"name":"wp","href":"https:\/\/api.w.org\/{rel}","templated":true}]}}