{"id":2900,"date":"2007-03-07T15:49:45","date_gmt":"2007-03-07T14:49:45","guid":{"rendered":"http:www.mafdad.org\/?p=2900"},"modified":"2024-12-26T10:02:01","modified_gmt":"2024-12-26T09:02:01","slug":"bagimsiz-doktor-heyeti-imraliya","status":"publish","type":"post","link":"http:\/\/www.mafdad.org\/?p=2900","title":{"rendered":"Bagimsiz Doktor heyeti Imraliya!"},"content":{"rendered":"<p><strong>Bas\u0131n A\u00e7\u0131klamas\u0131<\/strong><br \/>\nMAF-DAD Uluslararas\u0131 Doktor heyet\u0131n\u0131n derhal \u0130mral\u0131 adas\u0131na gidip Abdullah \u00d6\u00e7alan n\u0131n sa\u011fl\u0131k durumunu ara\u015ft\u0131rmas\u0131n\u0131 talep ediyor, Almanya federe cumhuriyet\u0131n\u0131 ve Alman kamuoyunu da harekete gecmeye \u00e7a\u011f\u0131r\u0131yor.<br \/>\nAlmanya n\u0131n K\u00f6ln kentinde bulunan MAF-DAD \u2013 Uluslararas\u0131 Hukuk ve Demokrasi Derne\u011fi olarak Abdullah \u00d6calan n\u0131n kritik sa\u011fl\u0131k durumunu Say\u0131n \u00d6calan n\u0131n Avukatlar\u0131n\u0131n yapm\u0131\u015f oldu\u011fu a\u00e7\u0131klama vesilesiyle \u00f6\u011frenmi\u015f bulunmaktay\u0131z. 8 Yila askindir Tek kisilik y\u00fcksek g\u00fcvenlik cezaevinde tecrit altinda tutulan Sayin Abdullah \u00d6calan ile ilgili bu geli\u015fmeler bizi son derece kaygilandirmakta ve endi\u015felendirmektedir.<\/p>\n<p>Avukatlar\u0131 bir bas\u0131n konferans\u0131 yoluyla kamuoyuna \u00d6calan&#8217;\u0131n sa\u00e7 tellerinden yap\u0131lan analizlerde y\u00fcksek derecede Stronsyum ve Chrom elementlerine rastlan\u0131ld\u0131\u011f\u0131n\u0131 a\u00e7\u0131klad\u0131lar. Fransa ve Norve\u00e7&#8217;den Tan\u0131nm\u0131\u015f Toksikologlar \u00d6calan&#8216; \u0131n bu analiz sonu\u00e7lar\u0131nda belirtilen elementlerin bir insanda bulunan\u0131n yedi kat\u0131 bi\u00e7iminde mevcudiyetini tespit ettiklerini ifade ettiler. Son derece y\u00fcksek derecede bulunan bu elementlerin tehlikeli hastal\u0131klara zemin a\u00e7t\u0131\u011f\u0131 ortada. Analizleri yapan Doktorlar belirtilen elementlerin bu derecede y\u00fcksek dozajda bulunan insanlar\u0131n kar\u015f\u0131la\u015ft\u0131klar\u0131 sa\u011fl\u0131k sorunlar\u0131 ile ilgili yapt\u0131klar\u0131 t\u0131pbi resim, \u00d6calan&#8216; \u0131n y\u0131llard\u0131r dile getirdi\u011fi sa\u011fl\u0131k sorunlar\u0131yla uyu\u015fmaktad\u0131r.<\/p>\n<p>Avukatlar\u0131n ve K\u00fcrt halk\u0131n\u0131n ya\u015fad\u0131\u011f\u0131 bu endi\u015feleri ve talep ettiklerini derinden payla\u015fmaktay\u0131z. Bundan dolay\u0131 uluslararas\u0131 ba\u011f\u0131ms\u0131z b\u0131r doktor heyetinin zaman kaybetmeden derhel \u0130mral\u0131 adas\u0131na gidip K\u00fcrt Halk\u0131 taraf\u0131nan irade olarak beyyan edilen K\u00fcrt Siyaset\u00e7isi \u00d6calan&#8216; \u0131n sa\u011fl\u0131k durumunu yerinde, daha geni\u015f metodlarla ara\u015ft\u0131r\u0131p muayene etmesi gerekti\u011fine inaniyoruz.<\/p>\n<p>Avrupa Konseyinin \u0130nsanhaklar\u0131 Komiserli\u011fi ve Avrupal\u0131 insanhaklar\u0131 kurum ve kurulu\u015flar\u0131n\u0131 K\u00fcrt halk\u0131n\u0131n bu talebini g\u00f6rmeye, bu talebin yerine gelmesi i\u00e7in de derhal harekete ge\u00e7melerini ve g\u00f6revlerini yapmaya \u00e7a\u011f\u0131r\u0131yoruz.<\/p>\n<p>Her\u015feyden \u00f6nce de Almanya Federe Cumhuriyeti H\u00fck\u00fcmetine g\u00f6rev d\u00fc\u015fmektedir. Say\u0131n Ba\u015fbakan Angela Merkel \u015fu an Avrupa Birli\u011fi d\u00f6nem ba\u015fkanl\u0131\u011f\u0131 nedeniyle AB ile ilgili en \u00fcst derecede muhatap konumundad\u0131r. Avrupa Birli\u011fi her zaman bolca dillendirdi\u011fi &#8218;\u0130nsanhaklar\u0131&#8216; na ba\u011fl\u0131 kald\u0131\u011f\u0131n\u0131 tam da b\u00f6ylesi kritik bir durumda g\u00f6stermeli. Aksi taktirde s\u0131nav\u0131n\u0131 ba\u015farmam\u0131\u015f, kendi ilkelerine ters d\u00fc\u015fm\u00fc\u015f ve insanhaklar\u0131n\u0131n \u00f6nemsizli\u011fine i\u015faret etmi\u015f olacakt\u0131r. Ge\u00e7mi\u015f&#8216; de Rusya kar\u015f\u0131s\u0131nda yap\u0131ld\u0131\u011f\u0131 gibi bu sefer de T\u00fcrkiye&#8216; den siyasi tutuklular i\u00e7in \u0130nsanhaklar\u0131n\u0131n uygulanmas\u0131 gerekti\u011fini taviz vermeden talep etmelidirler.<\/p>\n<p>K\u00fcrt sorununda kal\u0131c\u0131 ve adaleti bir perspektivin olu\u015fmas\u0131 ve demokratik bir \u00c7\u00f6z\u00fcm\u00fcn yarat\u0131lmas\u0131 ancak ve ancak \u00d6calan\u0131n serbest brak\u0131lmas\u0131nda yatt\u0131\u011f\u0131 anla\u015f\u0131lmal\u0131d\u0131r.<\/p>\n<p>MAF-DAD olarak Say\u0131n Ba\u015fbakan Angela Merkel&#8216; e bir mektup yazm\u0131\u015f bulunmaktay\u0131z. Taleblerimizi i\u00e7eren bu mektup Merkel&#8216; i AB temsilcisi olmas\u0131 itibariyle harekete ge\u00e7meye davet ediyor. Bununla birlikte Almanya kamuouyuna, inanhaklar\u0131- hukuk ve sa\u011fl\u0131k \u00f6rg\u00fctlerine, milletvekili, kendisine demokrat\u0131m diyen t\u00fcm insanlara seslenmek istiyoruz: \u00c7i\u011fnenen demokratik insanhaklar\u0131m\u0131zd\u0131r. Her insana ayn\u0131 derecede uygulanmas\u0131 gereken haklar\u0131m\u0131z g\u00f6z g\u00f6re g\u00f6re \u00e7i\u011fnenmekte. Bu durum kar\u015f\u0131s\u0131nda kimse sesiz kalmamal\u0131. Say\u0131n \u00d6calan\u0131 muayene etmesi i\u00e7in uluslararas\u0131 ba\u011f\u0131ms\u0131z bir doktor heyetinin derhal adaya gitmesi i\u00e7in herkesi harekete ge\u00e7meye \u00e7a\u011f\u0131r\u0131yoruz.<br \/>\n07 Mart 2007<br \/>\nMAF-DAD Y\u00f6netim Kurulu ad\u0131na<br \/>\nDr. Heinz-J\u00fcrgen Schneider<\/p>\n","protected":false},"excerpt":{"rendered":"<p>Bas\u0131n A\u00e7\u0131klamas\u0131 MAF-DAD Uluslararas\u0131 Doktor heyet\u0131n\u0131n derhal \u0130mral\u0131 adas\u0131na gidip Abdullah \u00d6\u00e7alan n\u0131n sa\u011fl\u0131k durumunu ara\u015ft\u0131rmas\u0131n\u0131 talep ediyor, Almanya federe cumhuriyet\u0131n\u0131 ve Alman kamuoyunu da harekete gecmeye \u00e7a\u011f\u0131r\u0131yor. Almanya n\u0131n<\/p>\n","protected":false},"author":2,"featured_media":0,"comment_status":"closed","ping_status":"open","sticky":false,"template":"","format":"standard","meta":{"footnotes":""},"categories":[107,131],"tags":[],"class_list":{"1":"post","2":"type-post","3":"status-publish","4":"format-standard","5":"hentry","6":"category-allgemein-de","7":"category-basin-aciklamalari-de"},"_links":{"self":[{"href":"http:\/\/www.mafdad.org\/index.php?rest_route=\/wp\/v2\/posts\/2900","targetHints":{"allow":["GET"]}}],"collection":[{"href":"http:\/\/www.mafdad.org\/index.php?rest_route=\/wp\/v2\/posts"}],"about":[{"href":"http:\/\/www.mafdad.org\/index.php?rest_route=\/wp\/v2\/types\/post"}],"author":[{"embeddable":true,"href":"http:\/\/www.mafdad.org\/index.php?rest_route=\/wp\/v2\/users\/2"}],"replies":[{"embeddable":true,"href":"http:\/\/www.mafdad.org\/index.php?rest_route=%2Fwp%2Fv2%2Fcomments&post=2900"}],"version-history":[{"count":1,"href":"http:\/\/www.mafdad.org\/index.php?rest_route=\/wp\/v2\/posts\/2900\/revisions"}],"predecessor-version":[{"id":3856,"href":"http:\/\/www.mafdad.org\/index.php?rest_route=\/wp\/v2\/posts\/2900\/revisions\/3856"}],"wp:attachment":[{"href":"http:\/\/www.mafdad.org\/index.php?rest_route=%2Fwp%2Fv2%2Fmedia&parent=2900"}],"wp:term":[{"taxonomy":"category","embeddable":true,"href":"http:\/\/www.mafdad.org\/index.php?rest_route=%2Fwp%2Fv2%2Fcategories&post=2900"},{"taxonomy":"post_tag","embeddable":true,"href":"http:\/\/www.mafdad.org\/index.php?rest_route=%2Fwp%2Fv2%2Ftags&post=2900"}],"curies":[{"name":"wp","href":"https:\/\/api.w.org\/{rel}","templated":true}]}}