{"id":2898,"date":"2006-09-02T15:48:23","date_gmt":"2006-09-02T13:48:23","guid":{"rendered":"http:www.mafdad.org\/?p=2898"},"modified":"2025-01-02T00:33:33","modified_gmt":"2025-01-01T23:33:33","slug":"uluslararasi-hukuk-ve-demokrasi-dernegi-kuruldu","status":"publish","type":"post","link":"http:\/\/www.mafdad.org\/?p=2898","title":{"rendered":"Uluslararasi Hukuk ve Demokrasi Dernegi kuruldu"},"content":{"rendered":"<div align=\"left\">\n<p><strong>BASINA VE KAMUOYUNA<\/strong><\/p>\n<p>\u0130nsan Haklar\u0131 Evrensel Beyannamesi\u00b4nin kabul edili\u015finin 58. y\u0131ld\u00f6n\u00fcm\u00fc vesilesiyle t\u00fcm insanl\u0131k i\u00e7in bask\u0131 ve zulm\u00fcn son buldu\u011fu, adil, bar\u0131\u015f\u00e7\u0131l ve e\u015fitlik\u00e7i bir gelecek umudumuzu dile getirmek istiyoruz.<\/p>\n<\/div>\n<div align=\"left\">\n<p>Y\u0131rm\u0131nc\u0131 y\u00fczy\u0131l, tarihin tan\u0131k oldu\u011fu en b\u00fcy\u00fck felaketlerin, sava\u015f\u0131n, y\u0131k\u0131m\u0131n y\u00fczy\u0131l\u0131 olarak haf\u0131zalarda yer etti.\u00a0 Ya\u015fanan trajedi, insan haklar\u0131n\u0131n evrensel \u00f6l\u00e7\u00fcde geli\u015ftirilmesine y\u00f6nelik giri\u015fimleri do\u011furdu. B\u00f6ylece tarih boyunca u\u011fruna m\u00fccadele edilen temel hak ve \u00f6zg\u00fcrl\u00fcklerin \u00f6nemli bir k\u0131sm\u0131, \u201cevrensel beyanname\u201d \u015feklinde form\u00fcle edilerek, insanl\u0131\u011f\u0131n asgari paydas\u0131 haline geldi.<\/p>\n<p>Demokrasi ve insan haklar\u0131na dair yeni bir k\u00fclt\u00fcr ve bilin\u00e7 yaratmada \u00f6nemli mesafeler al\u0131nmas\u0131na ba\u015fta Avrupa olmak \u00fczere pek \u00e7ok toplumda geli\u015fme yarat\u0131lmas\u0131na kar\u015f\u0131n, d\u00fcnyam\u0131zda hak ihlalleri ve adeletsizlikler hala etkinli\u011fini s\u00fcrd\u00fcrmektedir.\u00a0 Bug\u00fcn de yeni sorunlarla kar\u015f\u0131 kar\u015f\u0131ya bulunuyoruz. \u00d6zellikle de modern d\u00fcnyaya demokrasi ve insan haklar\u0131 a\u00e7\u0131s\u0131ndan \u00f6nc\u00fcl\u00fck etti\u011fini d\u00fc\u015f\u00fcnen Avrupa ve ABD gibi egemen \u00fclkelerden kaynakl\u0131 yeni problemlerle de u\u011fra\u015fmak zorunda oldu\u011fumuzu d\u00fc\u015f\u00fcn\u00fcyoruz.<\/p>\n<p>Bu g\u00fc\u00e7ler, demokrasi ve insan haklar\u0131n\u0131 eksen almak yerine devlet \u00e7\u0131karlar\u0131n\u0131 esas alan politik yakla\u015f\u0131mlar\u0131yla basta Ortado\u011fu olmak \u00fczere sorunlu cografyalarda ki, egemen devletlerin geri ,\u00a0 yasakc\u0131 ve bask\u0131c\u0131 politikalar\u0131n\u0131n devam etmesinin en \u00f6nemli dayana\u011f\u0131n\u0131 olu\u015fturmaktad\u0131rlar. Bu \u00fclkelerde ya\u015fam hakk\u0131 ba\u015fta olmak \u00fczere, farkl\u0131 dil, etnik ve dini inanclar\u0131n inkar\u0131ndan imhas\u0131na varana kadar geni\u015f bir yelpazede hak ihlalerinin s\u00fcrmesine kar\u015f\u0131 samimi ve stratejik bir yakla\u015f\u0131m i\u00e7erisinde olmamaktad\u0131rlar.<\/p>\n<p>Yine g\u00fcvenlik ve \u201eter\u00f6r\u201c\u00fc eksen alan bir s\u00f6ylemle bireyin en temel haklar\u0131n\u0131 k\u0131s\u0131tlama konusunda g\u00f6z\u00fc kara bir \u00e7abas\u0131n\u0131n i\u00e7erisinde bulunmaktad\u0131rlar.\u00a0 Ezilen kimlikleri, politik ki\u015filikleri, g\u00f6\u00e7menleri merkez alan s\u00f6ylemleriyle de asl\u0131nda \u201e\u00f6tekile\u015ftirme\u201c siyaseti y\u00fcr\u00fctmekte, ayr\u0131mc\u0131l\u0131k ve \u0131rk\u00e7\u0131l\u0131\u011f\u0131 yeniden \u00fcreten bir dil geli\u015ftirmektedirler.<\/p>\n<p>Bat\u0131 d\u00fcnyas\u0131n\u0131n ayr\u0131mc\u0131, ve bireyi h\u00fccrelerine kadar denetlemeyi esas alan derin g\u00fcvenlik politikalar\u0131yla, ekonomik ve siyasi \u00e7\u0131karlar\u0131na paralel olarak hak ve \u00f6zg\u00fcrl\u00fckleri ele alan\u00a0 pragmatist yakla\u015f\u0131mlar\u0131yla; geleneksel devletlerin kaba ve klasik hak ihlalleri aras\u0131ndaki ba\u011fi g\u00f6rmeden ve her iki anlay\u0131\u015fla da m\u00fccadele etmeden hak\u00a0 ve \u00f6zg\u00fcrl\u00fcklerin savunulamayaca\u011f\u0131n\u0131 d\u00fc\u015f\u00fcn\u00fcyoruz.<\/p>\n<p>Bu nedenle T\u00fcrkiye gibi, AB \u00fcyesi olmak isteyen bir \u00fclkede ya\u015fananlarla, AB\u00b4nin yakla\u015f\u0131mlar\u0131n\u0131 birlikte izlemeyi, kritik ve sorunlu konulara kar\u015f\u0131 hukuk ve insan haklar\u0131 m\u00fccadelesi\u00a0 y\u00fcr\u00fctmeyi \u00f6nemli buluyoruz.\u00a0 Bu yakla\u015f\u0131mla hem T\u00fcrkiye\u00b4nin demokratikle\u015fmesine katk\u0131 sunmak hem de AB \u00fclkelerinin\u00a0 insan haklar\u0131 k\u00fclt\u00fcr\u00fcne\u00a0 ve miras\u0131na sahip \u00e7\u0131kmaya zorlaman\u0131n m\u00fcmk\u00fcn oldu\u011funa inaniyoruz.<\/p>\n<p>\u0130HEB\u00b4den bu yana insan haklar\u0131, demokrasi\u00a0 ve hukuk m\u00fccadelesi g\u00fcncelli\u011finden ve gereklili\u011finden hi\u00e7 bir \u015fey yitirmemi\u015ftir. Bask\u0131 ve zorbal\u0131\u011f\u0131n hakimiyetine kar\u015f\u0131, bug\u00fcne kadar, yerk\u00fcrenin t\u00fcm\u00fcnde, farkl\u0131 dil, k\u00fclt\u00fcr, birikim ve e\u011filimine sahip olan insanlar, insan haklar\u0131 m\u00fccadelesinin s\u00fcreklili\u011fini sa\u011flayacak \u00e7abay\u0131 ortaya koymu\u015f ve b\u00fcy\u00fck bedeller de \u00f6demi\u015flerdir.<\/p>\n<p>Bizler de Almanya ve\u00a0 T\u00fcrkiye ba\u015fta olmak \u00fczere Avrupa\u00b4nin diger \u00fclkelerinden avukat ve insan haklar\u0131 savunucular\u0131 olarak bu m\u00fccadele birikimine katk\u0131 sunmak amac\u0131yla bir araya gelip yeni bir hukuk ve insan haklar\u0131\u00a0 platformu olu\u015fturmu\u015f bulunuyoruz. \u0130nsan Haklar\u0131 Haftas\u0131 nedeniyle\u00a0\u00a0 ilk a\u00e7\u0131klamam\u0131z\u0131 yaparak kurulu\u015fumuzu ve insan haklar\u0131 m\u00fccadelesine katk\u0131 sunma istemimizi kamuoyuna duyuruyoruz.\u00a0 20.y\u00fczy\u0131l\u0131n ezilen halklar\u0131ndan olan K\u00fcrt halk\u0131n\u0131n yasakl\u0131 dilinde \u201chak ve adalet\u201d anlam\u0131na gelen MAF-DAD ad\u0131n\u0131 vererek ba\u015flatt\u0131\u011f\u0131m\u0131z bu giri\u015fime\u00a0 ilgili t\u00fcm\u00a0 kesimleri davet ediyoruz.\u00a0 \u0130nsan haklar\u0131 ve hukuk m\u00fccadelesinin ortak \u00e7al\u0131\u015fma, dayan\u0131\u015fma ve g\u00fc\u00e7 birli\u011fiyle daha geli\u015fece\u011fine ve etkili sonu\u00e7lar yarataca\u011f\u0131na inaniyoruz.<\/p>\n<p>\u0130nsan\u0131n en temel haklar\u0131n\u0131n g\u00fcvence alt\u0131na al\u0131nd\u0131\u011f\u0131, bask\u0131 ve e\u015fitsizli\u011fin t\u00fcm versiyonlar\u0131yla ortadan kalkt\u0131\u011f\u0131, adil ve bar\u0131\u015fc\u0131l bir d\u00fcnya \u00f6zlemimizi bu vesileyle bir kez daha dile getiriyor; ma\u011fdur, ezilen, \u00f6tekile\u015ftirilen, yok say\u0131lan, haklar\u0131 ihlal edilen t\u00fcm s\u0131n\u0131fsal. dilsel, etnik, cinsel ve dinsel kimliklerin demokratik ifadesinin yan\u0131nda oldu\u011fumuzu ifade ediyoruz.<\/p>\n<p>10 Aral\u0131k 2006<br \/>\nMAF-DAD<br \/>\n<strong>Uluslararas\u0131 Hukuk ve Demokrasi Derne\u011fi MAF-DAD<\/strong><\/p>\n<p>Anni Pues-Avukat (1. Ba\u015fkan)<br \/>\nMahmut \u015eakar- Avukat (2. Ba\u015fkan)<\/p>\n<\/div>\n<div align=\"left\">Porf. Dr. Norman Paech-Almanya Federal Parlamento \u00dcyesi<br \/>\nDr. Rolf G\u00f6ssner- Avukat<br \/>\nHeike Geisweid- Avukat<br \/>\nDr. J\u00fcrgen Schneider- Avukat<\/div>\n","protected":false},"excerpt":{"rendered":"<p>BASINA VE KAMUOYUNA \u0130nsan Haklar\u0131 Evrensel Beyannamesi\u00b4nin kabul edili\u015finin 58. y\u0131ld\u00f6n\u00fcm\u00fc vesilesiyle t\u00fcm insanl\u0131k i\u00e7in bask\u0131 ve zulm\u00fcn son buldu\u011fu, adil, bar\u0131\u015f\u00e7\u0131l ve e\u015fitlik\u00e7i bir gelecek umudumuzu dile getirmek istiyoruz.<\/p>\n","protected":false},"author":2,"featured_media":0,"comment_status":"closed","ping_status":"open","sticky":false,"template":"","format":"standard","meta":{"footnotes":""},"categories":[131],"tags":[],"class_list":{"1":"post","2":"type-post","3":"status-publish","4":"format-standard","5":"hentry","6":"category-basin-aciklamalari-de"},"_links":{"self":[{"href":"http:\/\/www.mafdad.org\/index.php?rest_route=\/wp\/v2\/posts\/2898","targetHints":{"allow":["GET"]}}],"collection":[{"href":"http:\/\/www.mafdad.org\/index.php?rest_route=\/wp\/v2\/posts"}],"about":[{"href":"http:\/\/www.mafdad.org\/index.php?rest_route=\/wp\/v2\/types\/post"}],"author":[{"embeddable":true,"href":"http:\/\/www.mafdad.org\/index.php?rest_route=\/wp\/v2\/users\/2"}],"replies":[{"embeddable":true,"href":"http:\/\/www.mafdad.org\/index.php?rest_route=%2Fwp%2Fv2%2Fcomments&post=2898"}],"version-history":[{"count":1,"href":"http:\/\/www.mafdad.org\/index.php?rest_route=\/wp\/v2\/posts\/2898\/revisions"}],"predecessor-version":[{"id":3982,"href":"http:\/\/www.mafdad.org\/index.php?rest_route=\/wp\/v2\/posts\/2898\/revisions\/3982"}],"wp:attachment":[{"href":"http:\/\/www.mafdad.org\/index.php?rest_route=%2Fwp%2Fv2%2Fmedia&parent=2898"}],"wp:term":[{"taxonomy":"category","embeddable":true,"href":"http:\/\/www.mafdad.org\/index.php?rest_route=%2Fwp%2Fv2%2Fcategories&post=2898"},{"taxonomy":"post_tag","embeddable":true,"href":"http:\/\/www.mafdad.org\/index.php?rest_route=%2Fwp%2Fv2%2Ftags&post=2898"}],"curies":[{"name":"wp","href":"https:\/\/api.w.org\/{rel}","templated":true}]}}