{"id":2572,"date":"2015-08-28T01:33:07","date_gmt":"2015-08-27T23:33:07","guid":{"rendered":"http:http:www.mafdad.org\/\/?p=2572"},"modified":"2024-12-26T10:01:43","modified_gmt":"2024-12-26T09:01:43","slug":"protesterklarung-gegen-die-massenverhaftung-von-anwaltinnen-in-der-turkei","status":"publish","type":"post","link":"http:\/\/www.mafdad.org\/?p=2572","title":{"rendered":"Protesterkl\u00e4rung gegen die Massenverhaftung von Anw\u00e4ltInnen in der T\u00fcrkei"},"content":{"rendered":"<div align=\"left\">Am 22. November 2011 ist es in der T\u00fcrkei zu einem neuen schweren Angriff auf demokratische Rechte gekommen. An diesem Tag wurden 42 Anw\u00e4ltinnen und Anw\u00e4lte, alle aus dem Rechtsb\u00fcro zur Verteidigung von Abdullah \u00d6calan, festgenommen. Ihre B\u00fcror\u00e4ume wurden durchsucht, zahlreiche juristische Materialien beschlagnahmt. 33 von ihnen befinden sich auch jetzt noch weiter in Haft. Ihre anwaltliche Arbeit wird als Mitgliedschaft in einer \u201everbotenen Organisation\u201c kriminalisiert. Einen solchen Angriff auf die Freiheit der anwaltlichen T\u00e4tigkeit hat es selbst nach den diversen Milit\u00e4rputschen in der T\u00fcrkei nicht gegeben.<\/div>\n<div align=\"left\">\n<p>MAF-DAD- Verein f\u00fcr Demokratie und internationales Recht e.V. verurteilt diese Zwangsma\u00dfnahmen und solidarisiert sich mit den verhafteten Juristinnen und Juristen. Das Vorgehen von Staat und Justiz ist Willk\u00fcr und eine Verletzung von Menschenrechten.<\/p>\n<p>Das Recht auf Verteidigung, gerade in politischen Verfahren, muss in jedem Land gew\u00e4hrleistet sein und ist Gradmesser der Zivilisation in einer Gesellschaft. Sie ist Bestandteil des in Art. 6 der Europ\u00e4ischen Menschenrechtskonvention gesch\u00fctzten Fairen Verfahrens. Dazu geh\u00f6rt auch das Recht, sich von Anw\u00e4lten beraten und vertreten zu lassen. Mit den Verhaftungen seiner Beist\u00e4nde wird dieses Recht f\u00fcr den f\u00fchrenden kurdischen Politiker Abdullah \u00d6calan, der unter scharfen Isolationshaftbedingungen festgesetzt bist, verhindert. Er ist schon seit \u00fcber vier Monaten ohne Anwaltskontakte.<\/p>\n<p>Die Verhaftungen erfolgten unmittelbar nach \u00f6ffentlichen \u00c4u\u00dferungen des t\u00fcrkischen Premierministers Erdogan. In diesen hatte er die Anw\u00e4lte angegriffen und sie beschuldigt, zur Kommunikation zwischen \u00d6calan und der PKK beizutragen. Nach dieser politischen Vorgabe schlugen Justiz und Polizei zu.<\/p>\n<p>MAF-DAD ruft die deutsche \u00d6ffentlichkeit, Juristinnen und Juristen, Anwaltsvereinigungen und die Bundesrechtsanwaltskammer auf zu protestieren, und sich f\u00fcr die unverz\u00fcgliche Freilassung der Verfolgten einzusetzen.<\/p>\n<p>MAF-DAD hatte vor einem Monat, gemeinsam mit Opferangeh\u00f6rigen und Pers\u00f6nlichkeiten aus Deutschland, eine Strafanzeige gegen R. T. Erdogan und andere f\u00fchrende Politiker und Milit\u00e4rs der T\u00fcrkei <a href=\"http:\/\/www.mafdad.org\/deutsch\/index.php?option=com_content&amp;task=view&amp;id=44&amp;Itemid=1#1\">[1]<\/a> gestellt. In der Anzeige nach dem V\u00f6lkerstrafgesetzbuch ging es um Kriegsverbrechen und Verbrechen gegen die Menschlichkeit im Krieg gegen die kurdische Bewegung in den Jahren 2003 bis 2011. Auch vor dem Hintergrund der aktuellen Entwicklung erwarten wir eine unparteiische Ermittlung und Verfolgung der Anzeige durch die Bundesanwaltschaft in Karlsruhe.<\/p>\n<p>5. Dezember 2011<\/p>\n<p>MAF-DAD e. V.<br \/>\nDer Vorstand<\/p>\n<p>[1] <a href=\"http:\/\/www.kriegsverbrechen-tuerkei.info\/\">http:\/\/www.kriegsverbrechen-tuerkei.info<\/a><\/p>\n<\/div>\n","protected":false},"excerpt":{"rendered":"<p>Am 22. November 2011 ist es in der T\u00fcrkei zu einem neuen schweren Angriff auf demokratische Rechte gekommen. An diesem Tag wurden 42 Anw\u00e4ltinnen und Anw\u00e4lte, alle aus dem Rechtsb\u00fcro<\/p>\n","protected":false},"author":2,"featured_media":0,"comment_status":"closed","ping_status":"open","sticky":false,"template":"","format":"standard","meta":{"footnotes":""},"categories":[107,129],"tags":[],"class_list":{"1":"post","2":"type-post","3":"status-publish","4":"format-standard","5":"hentry","6":"category-allgemein-de","7":"category-presseerklaerungen-de"},"_links":{"self":[{"href":"http:\/\/www.mafdad.org\/index.php?rest_route=\/wp\/v2\/posts\/2572","targetHints":{"allow":["GET"]}}],"collection":[{"href":"http:\/\/www.mafdad.org\/index.php?rest_route=\/wp\/v2\/posts"}],"about":[{"href":"http:\/\/www.mafdad.org\/index.php?rest_route=\/wp\/v2\/types\/post"}],"author":[{"embeddable":true,"href":"http:\/\/www.mafdad.org\/index.php?rest_route=\/wp\/v2\/users\/2"}],"replies":[{"embeddable":true,"href":"http:\/\/www.mafdad.org\/index.php?rest_route=%2Fwp%2Fv2%2Fcomments&post=2572"}],"version-history":[{"count":1,"href":"http:\/\/www.mafdad.org\/index.php?rest_route=\/wp\/v2\/posts\/2572\/revisions"}],"predecessor-version":[{"id":3828,"href":"http:\/\/www.mafdad.org\/index.php?rest_route=\/wp\/v2\/posts\/2572\/revisions\/3828"}],"wp:attachment":[{"href":"http:\/\/www.mafdad.org\/index.php?rest_route=%2Fwp%2Fv2%2Fmedia&parent=2572"}],"wp:term":[{"taxonomy":"category","embeddable":true,"href":"http:\/\/www.mafdad.org\/index.php?rest_route=%2Fwp%2Fv2%2Fcategories&post=2572"},{"taxonomy":"post_tag","embeddable":true,"href":"http:\/\/www.mafdad.org\/index.php?rest_route=%2Fwp%2Fv2%2Ftags&post=2572"}],"curies":[{"name":"wp","href":"https:\/\/api.w.org\/{rel}","templated":true}]}}