{"id":2569,"date":"2015-08-28T01:32:19","date_gmt":"2015-08-27T23:32:19","guid":{"rendered":"http:http:www.mafdad.org\/\/?p=2569"},"modified":"2024-12-26T09:56:57","modified_gmt":"2024-12-26T08:56:57","slug":"strafanzeige-wegen-kriegsverbrechen-pressekonferenz","status":"publish","type":"post","link":"http:\/\/www.mafdad.org\/?p=2569","title":{"rendered":"Strafanzeige wegen Kriegsverbrechen &#8211; Pressekonferenz"},"content":{"rendered":"<div align=\"left\"><strong>Strafanzeige in Deutschland gegen Ministerpr\u00e4sident Erdo\u011fan und die Generalstabschefs der T\u00fcrkei wegen Kriegsverbrechen \u2013 Dazu Pressekonferenz am 1. November in Berlin<\/strong><\/div>\n<div align=\"left\"><\/div>\n<div align=\"left\">Anw\u00e4lte aus der Bundesrepublik haben bei der zust\u00e4ndigen Bundesanwaltschaft (BAW) in Karlsruhe eine Strafanzeige gegen Ministerpr\u00e4sident Erdo\u011fan, der sich zur Zeit auf Staatsbesuch in Berlin aufh\u00e4lt, sowie mehrere Generalstabschefs der t\u00fcrkischen Armee wegen schwerer Straftaten im Krieg gegen die kurdische Bev\u00f6lkerung eingereicht. Angezeigt werden vom Kriegsv\u00f6lkerrecht ge\u00e4chtete Kriegsverbrechen und Verbrechen gegen die Menschlichkeit in der Zeit zwischen 2003 und heute.<\/div>\n<div align=\"left\">Das seit 2002 bestehende deutsche V\u00f6lkerstrafgesetzbuch bildet die Grundlage der Strafanzeige. Es erm\u00f6glicht eine internationale Strafverfolgung von ge\u00e4chteten Kriegsverbrechen, f\u00fcr die milit\u00e4rische Befehlshaber und politische Vorgesetzte verantwortlich sind \u2013 auch wenn der \u201eTatort\u201c nicht in Deutschland liegt.<\/p>\n<p>Inhalt der Anzeige sind 10 exemplarischer \u201eF\u00e4lle\u201c aus den letzten Jahren, die auf Grundlage eigener umfangreicher Recherchen, der Auswertung t\u00fcrkischer Justizmaterialien und Berichten renommierter Menschenrechtsorganisationen zusammengestellt wurden.<\/p>\n<p>Es handelt sich unter anderem um F\u00e4lle von extralegalen Hinrichtungen, T\u00f6tung von K\u00e4mpfern nach Gefangenennahme, Folter, postmortalen Verst\u00fcmmelungen bis zum Einsatz verbotener chemischer Waffen. Dargestellt werden die jeweiligen Sachverhalte mit Namen, Daten und Beweismitteln.<\/p>\n<p>Die Strafanzeige wird im Namen von Angeh\u00f6rigen der Opfer der Kriegsverbrechen erstattet. Die Menschenrechtsorganisation MAF-DAD \u2013 Verein f\u00fcr Demokratie und internationales Recht e.V. in K\u00f6ln, die Autorin Doris Gercke (Bella Block), der V\u00f6lkerrechtsprofessor Norman Paech, der Bundestagsabgeordnete Harald Weinberg (DIE LINKE), Dr. med. Gisela Penteker (IPPNW), die Stadtr\u00e4tin von N\u00fcrnberg Marion Padua sowie der Soziologe Martin Dolzer geh\u00f6ren ebenfalls zu den Anzeigenden.<\/p>\n<p>Eingereicht wurde die Anzeige durch Rechtsanw\u00e4ltin Britta Eder und Rechtsanwalt Dr. Heinz-J\u00fcrgen Schneider.<\/p>\n<p>Am 01. 11. 2011 wird dazu um 11.00 Uhr im Haus der Demokratie in Berlin (Greifswalder Stra\u00dfe\u00a04\u2060) eine Pressekonferenz stattfinden mit Anw\u00e4lten und Anzeigeerstattern.<\/p>\n<p>Vorabinformation: RA Schneider 040-8513116 \u2013 RAin Eder 040-32033756<br \/>\nBei Nichterreichen: 0176-20705646<\/p><\/div>\n","protected":false},"excerpt":{"rendered":"<p>Strafanzeige in Deutschland gegen Ministerpr\u00e4sident Erdo\u011fan und die Generalstabschefs der T\u00fcrkei wegen Kriegsverbrechen \u2013 Dazu Pressekonferenz am 1. November in Berlin Anw\u00e4lte aus der Bundesrepublik haben bei der zust\u00e4ndigen Bundesanwaltschaft<\/p>\n","protected":false},"author":2,"featured_media":0,"comment_status":"closed","ping_status":"open","sticky":false,"template":"","format":"standard","meta":{"footnotes":""},"categories":[111],"tags":[],"class_list":{"1":"post","2":"type-post","3":"status-publish","4":"format-standard","5":"hentry","6":"category-analysen-de"},"_links":{"self":[{"href":"http:\/\/www.mafdad.org\/index.php?rest_route=\/wp\/v2\/posts\/2569","targetHints":{"allow":["GET"]}}],"collection":[{"href":"http:\/\/www.mafdad.org\/index.php?rest_route=\/wp\/v2\/posts"}],"about":[{"href":"http:\/\/www.mafdad.org\/index.php?rest_route=\/wp\/v2\/types\/post"}],"author":[{"embeddable":true,"href":"http:\/\/www.mafdad.org\/index.php?rest_route=\/wp\/v2\/users\/2"}],"replies":[{"embeddable":true,"href":"http:\/\/www.mafdad.org\/index.php?rest_route=%2Fwp%2Fv2%2Fcomments&post=2569"}],"version-history":[{"count":1,"href":"http:\/\/www.mafdad.org\/index.php?rest_route=\/wp\/v2\/posts\/2569\/revisions"}],"predecessor-version":[{"id":3829,"href":"http:\/\/www.mafdad.org\/index.php?rest_route=\/wp\/v2\/posts\/2569\/revisions\/3829"}],"wp:attachment":[{"href":"http:\/\/www.mafdad.org\/index.php?rest_route=%2Fwp%2Fv2%2Fmedia&parent=2569"}],"wp:term":[{"taxonomy":"category","embeddable":true,"href":"http:\/\/www.mafdad.org\/index.php?rest_route=%2Fwp%2Fv2%2Fcategories&post=2569"},{"taxonomy":"post_tag","embeddable":true,"href":"http:\/\/www.mafdad.org\/index.php?rest_route=%2Fwp%2Fv2%2Ftags&post=2569"}],"curies":[{"name":"wp","href":"https:\/\/api.w.org\/{rel}","templated":true}]}}