{"id":2566,"date":"2015-08-28T01:29:28","date_gmt":"2015-08-27T23:29:28","guid":{"rendered":"http:http:www.mafdad.org\/\/?p=2566"},"modified":"2024-12-26T09:57:04","modified_gmt":"2024-12-26T08:57:04","slug":"kriegsverbrechen-und-massengraber-in-kurdistanturkei","status":"publish","type":"post","link":"http:\/\/www.mafdad.org\/?p=2566","title":{"rendered":"Kriegsverbrechen und Massengr\u00e4ber in Kurdistan\/T\u00fcrkei"},"content":{"rendered":"<h2 align=\"left\"><span style=\"font-family: Helvetica, sans-serif;\">Das Massaker von \u00c7atak und die Ermordung von Andrea Wolf (Ronah\u00ee)<\/span><\/h2>\n<div align=\"left\">\u00a0Informationsveranstaltung von MAF-DAD, Verein f\u00fcr Demokratie und Internationales Recht<\/div>\n<p align=\"left\">Dienstag, \u00ad30. August 2011, 19:30 Uhr<br \/>\nNaturfreundehaus, Kapellenstra\u00dfe 9a, K\u00f6ln-Kalk<br \/>\nU-Bahn Kalk Kapelle (Linien 1+9)<\/p>\n<div align=\"left\">\n<p>Der schmutzige Krieg des t\u00fcrkischen Staates gegen die kurdischen Bestrebungen f\u00fcr mehr Selbstbestimmung hat zahlreiche Menschen das Leben gekostet. Viele wurden als Opfer von staatlich gelenkten Todesschwadronen verschleppt und ermordet. Mehr als 1500 sind immer noch verschwunden, viele davon sind in anonymen Massengr\u00e4bern verscharrt worden. Der Menschenrechtsverein IHD hat schon Anfang des Jahres 114 Gr\u00e4ber aufgelistet, denen 1469 Personen zugeordnet werden.<\/p>\n<p>Kaum aufgearbeitet sind auch die Kriegsverbrechen der t\u00fcrkischen Armee im Kampf gegen die kurdische Guerilla. Ein bekannter Fall ist das Massaker im Oktober 1998 in \u00c7atak, bei dem unter anderem die Internationalistin Andrea Wolf (Ronah\u00ee) zun\u00e4chst gefangen genommen, dann gefoltert und ermordet wurde.<\/p>\n<p>In den letzten Monaten ist Bewegung in die Aufkl\u00e4rung der Kriegsverbrechen und staatlichen Morde gekommen. Immer mehr Zeugen oder T\u00e4ter machen Aussagen \u00fcber die Gr\u00e4ueltaten. Immer mehr Massengr\u00e4ber konnten gefunden und dokumentiert werden, darunter auch das von Andrea Wolf und den mehr als 20 Militanten, die beim gleichen Massaker get\u00f6tet wurden.<\/p>\n<p>Es sprechen:<\/p>\n<ul>\n<li>Sami G\u00f6rendag,\u00ad Sekret\u00e4r des Menschenrechtsvereins Van (Kurdistan\/T\u00fcrkei), recherchiert zu den Massengr\u00e4bern und wird \u00fcber seine Erkenntnisse berichten<\/li>\n<li>Abd\u00fclkadir Inalko\u00e7, Angeh\u00f6riger eines der bei dem Massaker von \u00c7atak get\u00f6teten Militanten<\/li>\n<li>Reimar Heider, Gesch\u00e4ftsf\u00fchrer von MAF-DAD, Verein f\u00fcr Demokratie und Internationales Recht<\/li>\n<li>Ein\/e Vertreter\/in des \u00bbFr\u00adeundeskreis Andrea Wolf\u00ab<\/li>\n<\/ul>\n<\/div>\n","protected":false},"excerpt":{"rendered":"<p>Das Massaker von \u00c7atak und die Ermordung von Andrea Wolf (Ronah\u00ee) \u00a0Informationsveranstaltung von MAF-DAD, Verein f\u00fcr Demokratie und Internationales Recht Dienstag, \u00ad30. August 2011, 19:30 Uhr Naturfreundehaus, Kapellenstra\u00dfe 9a, K\u00f6ln-Kalk<\/p>\n","protected":false},"author":2,"featured_media":0,"comment_status":"closed","ping_status":"open","sticky":false,"template":"","format":"standard","meta":{"footnotes":""},"categories":[111],"tags":[],"class_list":{"1":"post","2":"type-post","3":"status-publish","4":"format-standard","5":"hentry","6":"category-analysen-de"},"_links":{"self":[{"href":"http:\/\/www.mafdad.org\/index.php?rest_route=\/wp\/v2\/posts\/2566","targetHints":{"allow":["GET"]}}],"collection":[{"href":"http:\/\/www.mafdad.org\/index.php?rest_route=\/wp\/v2\/posts"}],"about":[{"href":"http:\/\/www.mafdad.org\/index.php?rest_route=\/wp\/v2\/types\/post"}],"author":[{"embeddable":true,"href":"http:\/\/www.mafdad.org\/index.php?rest_route=\/wp\/v2\/users\/2"}],"replies":[{"embeddable":true,"href":"http:\/\/www.mafdad.org\/index.php?rest_route=%2Fwp%2Fv2%2Fcomments&post=2566"}],"version-history":[{"count":1,"href":"http:\/\/www.mafdad.org\/index.php?rest_route=\/wp\/v2\/posts\/2566\/revisions"}],"predecessor-version":[{"id":3830,"href":"http:\/\/www.mafdad.org\/index.php?rest_route=\/wp\/v2\/posts\/2566\/revisions\/3830"}],"wp:attachment":[{"href":"http:\/\/www.mafdad.org\/index.php?rest_route=%2Fwp%2Fv2%2Fmedia&parent=2566"}],"wp:term":[{"taxonomy":"category","embeddable":true,"href":"http:\/\/www.mafdad.org\/index.php?rest_route=%2Fwp%2Fv2%2Fcategories&post=2566"},{"taxonomy":"post_tag","embeddable":true,"href":"http:\/\/www.mafdad.org\/index.php?rest_route=%2Fwp%2Fv2%2Ftags&post=2566"}],"curies":[{"name":"wp","href":"https:\/\/api.w.org\/{rel}","templated":true}]}}